{"id":15148,"date":"2021-06-03T21:57:23","date_gmt":"2021-06-04T02:57:23","guid":{"rendered":"https:\/\/nvnoticias.mx\/?p=15148"},"modified":"2021-06-03T22:04:53","modified_gmt":"2021-06-04T03:04:53","slug":"reportan-edomex-primer-caso-hongo-negro-ligado-covid","status":"publish","type":"post","link":"https:\/\/nvnoticias.mx\/index.php\/2021\/06\/03\/reportan-edomex-primer-caso-hongo-negro-ligado-covid\/","title":{"rendered":"Reportan en Edomex primer caso de &#8216;hongo negro&#8217;, ligado al covid-19"},"content":{"rendered":"\n<p>Gregorio Avenda\u00f1o Jim\u00e9nez es un joven de 34 a\u00f1os que est\u00e1 luchando por su vida en el Hospital General de Zona 71, del IMSS, en el municipio de Chalco, Estado de M\u00e9xico. De acuerdo con reportes m\u00e9dicos, presenta s\u00edntomas de murcomicosis, infecci\u00f3n f\u00fangica conocida tambi\u00e9n como<em> \u201chongo negro\u201d<\/em>. <\/p>\n\n\n\n<p>Este extra\u00f1o padecimiento se ha detectado en distintos pa\u00edses, como India, en personas que ya han vencido al SARS-CoV-2, pero desarrollan la infecci\u00f3n que afecta principalmente \u00f3rganos como la nariz, el cerebro, los pulmones y los ojos.<\/p>\n\n\n\n<p>Gregorio dio positivo a covid-19 el 10 de mayo, pero no present\u00f3 un cuadro grave pese a vivir con diabetes desde hace nueve a\u00f1os, se recuper\u00f3 en casa y al hacerle una nueva prueba con resultado negativo volvi\u00f3 a sus actividades normales.<\/p>\n\n\n\n<p>Sin embargo, el mi\u00e9rcoles 26 de mayo comenz\u00f3 a sentirse mal y dej\u00f3 de ingerir alimentos, para el s\u00e1bado 29 ya ten\u00eda par\u00e1lisis facial, por lo que su familia lo llev\u00f3 a la cl\u00ednica del Instituto Mexicano del Seguro Social n\u00famero 71 ubicada en la colonia centro del municipio de Chalco. <\/p>\n\n\n\n<p>Desde ese d\u00eda comenz\u00f3 la peor de las pesadillas para su familia ya que el reporte era grave, el joven present\u00f3 un peque\u00f1o moret\u00f3n en el ojo izquierdo, que en cuesti\u00f3n de d\u00edas se expandi\u00f3.<\/p>\n\n\n\n<blockquote class=\"wp-block-quote is-layout-flow wp-block-quote-is-layout-flow\"><p><em>&#8220;El Otorrinolaring\u00f3logo le diagnostic\u00f3 mucormicosis, hongo negro, nos dijeron que esa enfermedad s\u00f3lo se hab\u00eda diagnosticado en la India, que le iban a suministrar medicamento y que necesitaba urgente una cirug\u00eda, pero ya pasaron cinco d\u00edas&#8221;<\/em>, asegur\u00f3 \u00c1ngel Avenda\u00f1o, su hermano.<\/p><\/blockquote>\n\n\n\n<p>Adem\u00e1s de la par\u00e1lisis facial presentaba niveles de glucosa de 500 mg\/dl lo que, pudo haberle provocado un coma diab\u00e9tico.<\/p>\n\n\n\n<p>Fuente: <a href=\"https:\/\/www.milenio.com\/ciencia-y-salud\/hongo-negro-edomex-infeccion-ligada-covid-19\" data-type=\"URL\" data-id=\"https:\/\/www.milenio.com\/ciencia-y-salud\/hongo-negro-edomex-infeccion-ligada-covid-19\">Milenio<\/a><\/p>\n","protected":false},"excerpt":{"rendered":"<p>Gregorio Avenda\u00f1o Jim\u00e9nez es un joven de 34 a\u00f1os que est\u00e1 luchando por su vida en el Hospital General de Zona 71, del IMSS, en el municipio de Chalco, Estado de M\u00e9xico. De acuerdo con reportes m\u00e9dicos, presenta s\u00edntomas de murcomicosis, infecci\u00f3n f\u00fangica conocida tambi\u00e9n como \u201chongo negro\u201d. Este extra\u00f1o padecimiento se ha detectado en [&hellip;]<\/p>\n","protected":false},"author":7,"featured_media":15150,"comment_status":"open","ping_status":"open","sticky":false,"template":"","format":"standard","meta":{"_monsterinsights_skip_tracking":false,"_monsterinsights_sitenote_active":false,"_monsterinsights_sitenote_note":"","_monsterinsights_sitenote_category":0,"footnotes":""},"categories":[157],"tags":[175,2375,4178,4179],"class_list":["post-15148","post","type-post","status-publish","format-standard","has-post-thumbnail","hentry","category-nacional","tag-covid-19","tag-estado-de-mexico","tag-hongo-negro","tag-infeccion","wp-image-borders"],"amp_enabled":true,"_links":{"self":[{"href":"https:\/\/nvnoticias.mx\/index.php\/wp-json\/wp\/v2\/posts\/15148","targetHints":{"allow":["GET"]}}],"collection":[{"href":"https:\/\/nvnoticias.mx\/index.php\/wp-json\/wp\/v2\/posts"}],"about":[{"href":"https:\/\/nvnoticias.mx\/index.php\/wp-json\/wp\/v2\/types\/post"}],"author":[{"embeddable":true,"href":"https:\/\/nvnoticias.mx\/index.php\/wp-json\/wp\/v2\/users\/7"}],"replies":[{"embeddable":true,"href":"https:\/\/nvnoticias.mx\/index.php\/wp-json\/wp\/v2\/comments?post=15148"}],"version-history":[{"count":1,"href":"https:\/\/nvnoticias.mx\/index.php\/wp-json\/wp\/v2\/posts\/15148\/revisions"}],"predecessor-version":[{"id":15149,"href":"https:\/\/nvnoticias.mx\/index.php\/wp-json\/wp\/v2\/posts\/15148\/revisions\/15149"}],"wp:featuredmedia":[{"embeddable":true,"href":"https:\/\/nvnoticias.mx\/index.php\/wp-json\/wp\/v2\/media\/15150"}],"wp:attachment":[{"href":"https:\/\/nvnoticias.mx\/index.php\/wp-json\/wp\/v2\/media?parent=15148"}],"wp:term":[{"taxonomy":"category","embeddable":true,"href":"https:\/\/nvnoticias.mx\/index.php\/wp-json\/wp\/v2\/categories?post=15148"},{"taxonomy":"post_tag","embeddable":true,"href":"https:\/\/nvnoticias.mx\/index.php\/wp-json\/wp\/v2\/tags?post=15148"}],"curies":[{"name":"wp","href":"https:\/\/api.w.org\/{rel}","templated":true}]}}