{"id":151347,"date":"2024-06-07T11:07:00","date_gmt":"2024-06-07T17:07:00","guid":{"rendered":"https:\/\/nvnoticias.mx\/?p=151347"},"modified":"2024-06-07T11:07:02","modified_gmt":"2024-06-07T17:07:02","slug":"me-niego-a-creer-que-la-grandeza-de-estados-unidos-pertenece-al-pasado-biden","status":"publish","type":"post","link":"https:\/\/nvnoticias.mx\/index.php\/2024\/06\/07\/me-niego-a-creer-que-la-grandeza-de-estados-unidos-pertenece-al-pasado-biden\/","title":{"rendered":"Me niego a creer que la grandeza de Estados Unidos pertenece al pasado: Biden"},"content":{"rendered":"\n<p>El presidente estadounidense, Joe Biden, asegur\u00f3 que se niega a creer que &#8220;la grandeza de Estados Unidos pertenece al pasado&#8221;, durante un discurso con motivo del 80\u00ba aniversario del Desembarco de Normand\u00eda.<\/p>\n\n\n\n<p>&#8220;Me niego a creer que la grandeza de Estados Unidos pertenece al pasado&#8221;, dijo Biden, en una cr\u00edtica velada a su rival republicano en la pr\u00f3xima elecci\u00f3n presidencial, el expresidente Donald Trump, quien insiste en que Estados Unidos est\u00e1 en declive.<\/p>\n\n\n\n<p>El mandatario dem\u00f3crata pronunci\u00f3 este discurso en la Pointe du Hoc, un promontorio que tropas estadounidenses Ranger arrebataron a los alemanes el 6 de junio de 1944 poco despu\u00e9s del Desembarco de Normand\u00eda, en el noroeste de Francia.<\/p>\n\n\n\n<blockquote class=\"wp-block-quote is-layout-flow wp-block-quote-is-layout-flow\">\n<p>&#8220;\u00bfQui\u00e9n puede dudar de que querr\u00edan que EU se alzara contra la agresi\u00f3n de Putin en Europa?&#8221;<\/p>\n<\/blockquote>\n\n\n\n<blockquote class=\"wp-block-quote is-layout-flow wp-block-quote-is-layout-flow\">\n<p><br>&#8220;\u00bfQui\u00e9n puede dudar de que querr\u00edan que Estados Unidos se alzara contra la agresi\u00f3n de [el presidente ruso Vladimir] Putin en Europa? (&#8230;) \u00bfQui\u00e9n puede creer que estos Ranger querr\u00edan que Estados Unidos se aislara hoy?&#8221;, se pregunt\u00f3 Biden.<\/p>\n<\/blockquote>\n\n\n\n<p>Con su discurso, el dem\u00f3crata se inscribe en la l\u00ednea del otrora presidente Ronald Reagan, quien el 6 de junio de 1984 record\u00f3 en ese mismo lugar a esos &#8220;h\u00e9roes&#8221; que &#8220;ayudaron a liberar un continente&#8221; y a &#8220;terminar&#8221; la Segunda Guerra Mundial.<\/p>\n\n\n\n<p>El republicano abogaba entonces por afirmar el poder estadounidense frente a la Uni\u00f3n Sovi\u00e9tica. Biden advirti\u00f3 en cambio contra la tentaci\u00f3n del repliegue internacional, que encarna en su opini\u00f3n Donald Trump, y defendi\u00f3 la libertad y la democracia.<\/p>\n\n\n\n<blockquote class=\"wp-block-quote is-layout-flow wp-block-quote-is-layout-flow\">\n<p>&#8220;La democracia estadounidense exige lo m\u00e1s dif\u00edcil: creer que formamos parte de algo m\u00e1s grande que nosotros mismos. As\u00ed que la democracia empieza con cada uno de nosotros&#8221;, asegur\u00f3 el mandatario de 81 a\u00f1os.<\/p>\n<\/blockquote>\n\n\n\n<p>Fuente: El <a href=\"https:\/\/www.eluniversal.com.mx\/mundo\/me-niego-a-creer-que-la-grandeza-de-estados-unidos-pertenece-al-pasado-dice-biden-en-francia\/\" data-type=\"link\" data-id=\"https:\/\/www.eluniversal.com.mx\/mundo\/me-niego-a-creer-que-la-grandeza-de-estados-unidos-pertenece-al-pasado-dice-biden-en-francia\/\">Universal<\/a><\/p>\n\n\n\n<p><br><\/p>\n","protected":false},"excerpt":{"rendered":"<p>El presidente estadounidense, Joe Biden, asegur\u00f3 que se niega a creer que &#8220;la grandeza de Estados Unidos pertenece al pasado&#8221;, durante un discurso con motivo del 80\u00ba aniversario del Desembarco de Normand\u00eda. &#8220;Me niego a creer que la grandeza de Estados Unidos pertenece al pasado&#8221;, dijo Biden, en una cr\u00edtica velada a su rival republicano [&hellip;]<\/p>\n","protected":false},"author":35,"featured_media":151349,"comment_status":"open","ping_status":"open","sticky":false,"template":"","format":"standard","meta":{"_monsterinsights_skip_tracking":false,"_monsterinsights_sitenote_active":false,"_monsterinsights_sitenote_note":"","_monsterinsights_sitenote_category":0,"footnotes":""},"categories":[181],"tags":[183,182],"class_list":["post-151347","post","type-post","status-publish","format-standard","has-post-thumbnail","hentry","category-internacional","tag-estados-unidos","tag-joe-biden","wp-image-borders"],"amp_enabled":true,"_links":{"self":[{"href":"https:\/\/nvnoticias.mx\/index.php\/wp-json\/wp\/v2\/posts\/151347","targetHints":{"allow":["GET"]}}],"collection":[{"href":"https:\/\/nvnoticias.mx\/index.php\/wp-json\/wp\/v2\/posts"}],"about":[{"href":"https:\/\/nvnoticias.mx\/index.php\/wp-json\/wp\/v2\/types\/post"}],"author":[{"embeddable":true,"href":"https:\/\/nvnoticias.mx\/index.php\/wp-json\/wp\/v2\/users\/35"}],"replies":[{"embeddable":true,"href":"https:\/\/nvnoticias.mx\/index.php\/wp-json\/wp\/v2\/comments?post=151347"}],"version-history":[{"count":2,"href":"https:\/\/nvnoticias.mx\/index.php\/wp-json\/wp\/v2\/posts\/151347\/revisions"}],"predecessor-version":[{"id":151351,"href":"https:\/\/nvnoticias.mx\/index.php\/wp-json\/wp\/v2\/posts\/151347\/revisions\/151351"}],"wp:featuredmedia":[{"embeddable":true,"href":"https:\/\/nvnoticias.mx\/index.php\/wp-json\/wp\/v2\/media\/151349"}],"wp:attachment":[{"href":"https:\/\/nvnoticias.mx\/index.php\/wp-json\/wp\/v2\/media?parent=151347"}],"wp:term":[{"taxonomy":"category","embeddable":true,"href":"https:\/\/nvnoticias.mx\/index.php\/wp-json\/wp\/v2\/categories?post=151347"},{"taxonomy":"post_tag","embeddable":true,"href":"https:\/\/nvnoticias.mx\/index.php\/wp-json\/wp\/v2\/tags?post=151347"}],"curies":[{"name":"wp","href":"https:\/\/api.w.org\/{rel}","templated":true}]}}