{"id":151334,"date":"2024-06-07T10:42:08","date_gmt":"2024-06-07T16:42:08","guid":{"rendered":"https:\/\/nvnoticias.mx\/?p=151334"},"modified":"2024-06-07T10:42:10","modified_gmt":"2024-06-07T16:42:10","slug":"proceso-de-transicion-se-pagara-con-ahorros-del-gobierno-amlo","status":"publish","type":"post","link":"https:\/\/nvnoticias.mx\/index.php\/2024\/06\/07\/proceso-de-transicion-se-pagara-con-ahorros-del-gobierno-amlo\/","title":{"rendered":"Proceso de transici\u00f3n se pagar\u00e1 con ahorros del gobierno: AMLO"},"content":{"rendered":"\n<p>El presidente Andr\u00e9s Manuel L\u00f3pez Obrador asegur\u00f3 que con los ahorros de su gobierno se pagar\u00e1n los gastos que genere el proceso de transici\u00f3n.<\/p>\n\n\n\n<blockquote class=\"wp-block-quote is-layout-flow wp-block-quote-is-layout-flow\">\n<p>\u201cEl gobierno tiene ahorros, como ya no permitimos la corrupci\u00f3n, y hay un gobierno austero, siempre hay ahorros\u201d.<\/p>\n<\/blockquote>\n\n\n\n<p>El Jefe del Ejecutivo dijo que todav\u00eda no ha hablado con la candidata presidencial ganadora Claudia Sheinbaum Pardo, pero no habr\u00e1 problemas.<\/p>\n\n\n\n<p>Record\u00f3 que se en su gobierno se elimin\u00f3 el Fondo de Desastres Naturales (FONDEN), y se cuenta con recursos para atender emergencias naturales.<\/p>\n\n\n\n<blockquote class=\"wp-block-quote is-layout-flow wp-block-quote-is-layout-flow\">\n<p>\u201cNo est\u00e1 el Fonden. Tenemos para atender al pueblo, para auxiliar al pueblo, todo, todo lo que se requiere. Como se demostr\u00f3 en Acapulco y en todos lados. El hurac\u00e1n que afect\u00f3 las costas de Oaxaca, m\u00e1s de 30 municipios. Por cierto, aprovecho para decir que ya voy a ir, que nada m\u00e1s nos falta la \u00faltima entrega de apoyo a m\u00e1s de 30 gobiernos municipales\u201d, expuso.<\/p>\n<\/blockquote>\n\n\n\n<p>Fuente: El <a href=\"https:\/\/www.eluniversal.com.mx\/nacion\/proceso-de-transicion-se-pagara-con-ahorros-del-gobierno-senala-amlo\/\" data-type=\"link\" data-id=\"https:\/\/www.eluniversal.com.mx\/nacion\/proceso-de-transicion-se-pagara-con-ahorros-del-gobierno-senala-amlo\/\">Universal<\/a><br><\/p>\n","protected":false},"excerpt":{"rendered":"<p>El presidente Andr\u00e9s Manuel L\u00f3pez Obrador asegur\u00f3 que con los ahorros de su gobierno se pagar\u00e1n los gastos que genere el proceso de transici\u00f3n. \u201cEl gobierno tiene ahorros, como ya no permitimos la corrupci\u00f3n, y hay un gobierno austero, siempre hay ahorros\u201d. El Jefe del Ejecutivo dijo que todav\u00eda no ha hablado con la candidata [&hellip;]<\/p>\n","protected":false},"author":35,"featured_media":8109,"comment_status":"open","ping_status":"open","sticky":false,"template":"","format":"standard","meta":{"_monsterinsights_skip_tracking":false,"_monsterinsights_sitenote_active":false,"_monsterinsights_sitenote_note":"","_monsterinsights_sitenote_category":0,"footnotes":""},"categories":[157],"tags":[188,2801,4498],"class_list":["post-151334","post","type-post","status-publish","format-standard","has-post-thumbnail","hentry","category-nacional","tag-amlo","tag-claudia-sheinbaum","tag-transicion","wp-image-borders"],"amp_enabled":true,"_links":{"self":[{"href":"https:\/\/nvnoticias.mx\/index.php\/wp-json\/wp\/v2\/posts\/151334","targetHints":{"allow":["GET"]}}],"collection":[{"href":"https:\/\/nvnoticias.mx\/index.php\/wp-json\/wp\/v2\/posts"}],"about":[{"href":"https:\/\/nvnoticias.mx\/index.php\/wp-json\/wp\/v2\/types\/post"}],"author":[{"embeddable":true,"href":"https:\/\/nvnoticias.mx\/index.php\/wp-json\/wp\/v2\/users\/35"}],"replies":[{"embeddable":true,"href":"https:\/\/nvnoticias.mx\/index.php\/wp-json\/wp\/v2\/comments?post=151334"}],"version-history":[{"count":1,"href":"https:\/\/nvnoticias.mx\/index.php\/wp-json\/wp\/v2\/posts\/151334\/revisions"}],"predecessor-version":[{"id":151335,"href":"https:\/\/nvnoticias.mx\/index.php\/wp-json\/wp\/v2\/posts\/151334\/revisions\/151335"}],"wp:featuredmedia":[{"embeddable":true,"href":"https:\/\/nvnoticias.mx\/index.php\/wp-json\/wp\/v2\/media\/8109"}],"wp:attachment":[{"href":"https:\/\/nvnoticias.mx\/index.php\/wp-json\/wp\/v2\/media?parent=151334"}],"wp:term":[{"taxonomy":"category","embeddable":true,"href":"https:\/\/nvnoticias.mx\/index.php\/wp-json\/wp\/v2\/categories?post=151334"},{"taxonomy":"post_tag","embeddable":true,"href":"https:\/\/nvnoticias.mx\/index.php\/wp-json\/wp\/v2\/tags?post=151334"}],"curies":[{"name":"wp","href":"https:\/\/api.w.org\/{rel}","templated":true}]}}