{"id":151326,"date":"2024-06-07T10:26:47","date_gmt":"2024-06-07T16:26:47","guid":{"rendered":"https:\/\/nvnoticias.mx\/?p=151326"},"modified":"2024-06-07T10:27:32","modified_gmt":"2024-06-07T16:27:32","slug":"trabajadores-del-imss-vuelven-a-bloquear-la-avenida-cuauhtemoc","status":"publish","type":"post","link":"https:\/\/nvnoticias.mx\/index.php\/2024\/06\/07\/trabajadores-del-imss-vuelven-a-bloquear-la-avenida-cuauhtemoc\/","title":{"rendered":"Trabajadores del IMSS vuelven a bloquear la avenida Cuauht\u00e9moc"},"content":{"rendered":"\n<p><\/p>\n\n\n\n<p><strong>Jes\u00fas Utrilla \/ NV Noticias<\/strong><\/p>\n\n\n\n<p>En un acto de protesta desesperada, trabajadores del Instituto Mexicano del Seguro Social (IMSS) bloquearon nuevamente la avenida Cuauht\u00e9moc, en su intersecci\u00f3n con Icazo, exigiendo mejoras urgentes en el funcionamiento de los elevadores y el sistema de aire acondicionado del hospital. <\/p>\n\n\n\n<p>La manifestaci\u00f3n, liderada por empleados que enfrentan a diario las deficiencias del centro de salud, gener\u00f3 caos vial significativo y sac\u00f3 a la luz una serie de problemas que afectan tanto a los pacientes como al personal.<\/p>\n\n\n\n<p>Anayanci Mart\u00ednez Hern\u00e1ndez, enfermera del hospital, explic\u00f3 que las constantes fallas en los ascensores han complicado seriamente el traslado de materiales, equipos m\u00e9dicos y, sobre todo, de pacientes.<\/p>\n\n\n\n<blockquote class=\"wp-block-quote is-layout-flow wp-block-quote-is-layout-flow\">\n<p>\u201c<em>No pueden hacerles estudios a los pacientes porque no sirve el elevador y eso retrasa su tratamiento. Este bloqueo es para que las autoridades se den cuenta de que estamos trabajando en las peores condiciones y atiendan bien al derechohabiente<\/em>&#8220;.<\/p>\n<\/blockquote>\n\n\n\n<p>Se\u00f1al\u00f3 que supuestamente hay moscas en las habitaciones de los pacientes y una preocupante falta de medicamentos.<\/p>\n\n\n\n<p>Adem\u00e1s de los problemas con los elevadores, los trabajadores tambi\u00e9n denunciaron que el sistema de aire acondicionado en diversas \u00e1reas del hospital no funciona correctamente. <\/p>\n\n\n\n<p>Esto ha provocado que tanto pacientes como sus familiares sufran las altas temperaturas dentro de las instalaciones, una situaci\u00f3n particularmente cr\u00edtica en los meses de calor intenso. La falta de un ambiente adecuado para la recuperaci\u00f3n de los pacientes agrava su malestar y retrasa su mejor\u00eda.<\/p>\n\n\n\n<p>Para empeorar las cosas, los trabajadores del IMSS recibieron una circular en la que se les informa que no se permitir\u00e1 tener en uso bienes muebles ajenos al instituto, como hornos de microondas, refrigeradores, cafeteras, calentadores y sandwicheras. Estos equipos ser\u00e1n retirados y enviados a la oficina de Servicios Generales. <\/p>\n\n\n\n<p>La medida, seg\u00fan las autoridades, busca evitar la generaci\u00f3n de fauna nociva, sobrecarga de corriente y peligros como explosiones e incendios. Sin embargo, los empleados consideran que esto solo incrementa las dificultades en su entorno laboral ya de por s\u00ed complicado.<\/p>\n\n\n<div class=\"wp-block-image\">\n<figure class=\"aligncenter size-full\"><img loading=\"lazy\" decoding=\"async\" width=\"705\" height=\"913\" src=\"https:\/\/nvnoticias.mx\/wp-content\/uploads\/2024\/06\/WhatsApp-Image-2024-06-07-at-9.57.12-AM.jpeg\" alt=\"\" class=\"wp-image-151328\" srcset=\"https:\/\/nvnoticias.mx\/wp-content\/uploads\/2024\/06\/WhatsApp-Image-2024-06-07-at-9.57.12-AM.jpeg 705w, https:\/\/nvnoticias.mx\/wp-content\/uploads\/2024\/06\/WhatsApp-Image-2024-06-07-at-9.57.12-AM-232x300.jpeg 232w\" sizes=\"auto, (max-width: 705px) 100vw, 705px\" \/><\/figure>\n<\/div>","protected":false},"excerpt":{"rendered":"<p>Jes\u00fas Utrilla \/ NV Noticias En un acto de protesta desesperada, trabajadores del Instituto Mexicano del Seguro Social (IMSS) bloquearon nuevamente la avenida Cuauht\u00e9moc, en su intersecci\u00f3n con Icazo, exigiendo mejoras urgentes en el funcionamiento de los elevadores y el sistema de aire acondicionado del hospital. La manifestaci\u00f3n, liderada por empleados que enfrentan a diario [&hellip;]<\/p>\n","protected":false},"author":8,"featured_media":151329,"comment_status":"open","ping_status":"open","sticky":false,"template":"","format":"standard","meta":{"_monsterinsights_skip_tracking":false,"_monsterinsights_sitenote_active":false,"_monsterinsights_sitenote_note":"","_monsterinsights_sitenote_category":0,"footnotes":""},"categories":[154],"tags":[1905,4648,365,162],"class_list":["post-151326","post","type-post","status-publish","format-standard","has-post-thumbnail","hentry","category-veracruz","tag-bloqueo","tag-cuauhtemoc","tag-imss","tag-portada","wp-image-borders"],"amp_enabled":true,"_links":{"self":[{"href":"https:\/\/nvnoticias.mx\/index.php\/wp-json\/wp\/v2\/posts\/151326","targetHints":{"allow":["GET"]}}],"collection":[{"href":"https:\/\/nvnoticias.mx\/index.php\/wp-json\/wp\/v2\/posts"}],"about":[{"href":"https:\/\/nvnoticias.mx\/index.php\/wp-json\/wp\/v2\/types\/post"}],"author":[{"embeddable":true,"href":"https:\/\/nvnoticias.mx\/index.php\/wp-json\/wp\/v2\/users\/8"}],"replies":[{"embeddable":true,"href":"https:\/\/nvnoticias.mx\/index.php\/wp-json\/wp\/v2\/comments?post=151326"}],"version-history":[{"count":3,"href":"https:\/\/nvnoticias.mx\/index.php\/wp-json\/wp\/v2\/posts\/151326\/revisions"}],"predecessor-version":[{"id":151331,"href":"https:\/\/nvnoticias.mx\/index.php\/wp-json\/wp\/v2\/posts\/151326\/revisions\/151331"}],"wp:featuredmedia":[{"embeddable":true,"href":"https:\/\/nvnoticias.mx\/index.php\/wp-json\/wp\/v2\/media\/151329"}],"wp:attachment":[{"href":"https:\/\/nvnoticias.mx\/index.php\/wp-json\/wp\/v2\/media?parent=151326"}],"wp:term":[{"taxonomy":"category","embeddable":true,"href":"https:\/\/nvnoticias.mx\/index.php\/wp-json\/wp\/v2\/categories?post=151326"},{"taxonomy":"post_tag","embeddable":true,"href":"https:\/\/nvnoticias.mx\/index.php\/wp-json\/wp\/v2\/tags?post=151326"}],"curies":[{"name":"wp","href":"https:\/\/api.w.org\/{rel}","templated":true}]}}