{"id":151324,"date":"2024-06-07T10:22:30","date_gmt":"2024-06-07T16:22:30","guid":{"rendered":"https:\/\/nvnoticias.mx\/?p=151324"},"modified":"2024-06-07T10:22:32","modified_gmt":"2024-06-07T16:22:32","slug":"atenderia-un-llamado-de-mi-presidenta-amlo","status":"publish","type":"post","link":"https:\/\/nvnoticias.mx\/index.php\/2024\/06\/07\/atenderia-un-llamado-de-mi-presidenta-amlo\/","title":{"rendered":"Atender\u00eda un llamado de mi presidenta: AMLO"},"content":{"rendered":"\n<p>El presidente\u00a0<strong>L\u00f3pez Obrador no descart\u00f3 la posibilidad de atender alg\u00fan llamado o instrucci\u00f3n<\/strong>\u00a0durante el sexenio de\u00a0Claudia Sheinbaum, pero aclar\u00f3 que tambi\u00e9n podr\u00eda negarse a participar.<\/p>\n\n\n\n<blockquote class=\"wp-block-quote is-layout-flow wp-block-quote-is-layout-flow\">\n<p>\u201cSolo atender\u00eda un llamado de mi presidenta, tambi\u00e9n haciendo uso de mi derecho a disentir\u201d, explic\u00f3 durante la ma\u00f1anera.<\/p>\n<\/blockquote>\n\n\n\n<p>Record\u00f3 que&nbsp;<strong>su objetivo es concluir su sexenio y alejarse de la vida p\u00fablica<\/strong>: \u201cYa termin\u00f3 mi ciclo y no vuelvo a participar\u201d.<\/p>\n\n\n\n<p>Aprovech\u00f3 la oportunidad para reconocer que Claudia Sheinbaum es una mujer \u2018de primera\u2019 y&nbsp;<strong>le da mucho gusto que la mayor\u00eda de figuras pol\u00edticas est\u00e9n aceptando su victoria<\/strong>.<\/p>\n\n\n\n<blockquote class=\"wp-block-quote is-layout-flow wp-block-quote-is-layout-flow\">\n<p>\u201cClaudia es de primera y me da mucho gusto que (\u2026) la est\u00e9n aceptando, respetando, porque esa unidad es importante\u201d, se\u00f1al\u00f3.<\/p>\n<\/blockquote>\n","protected":false},"excerpt":{"rendered":"<p>El presidente\u00a0L\u00f3pez Obrador no descart\u00f3 la posibilidad de atender alg\u00fan llamado o instrucci\u00f3n\u00a0durante el sexenio de\u00a0Claudia Sheinbaum, pero aclar\u00f3 que tambi\u00e9n podr\u00eda negarse a participar. \u201cSolo atender\u00eda un llamado de mi presidenta, tambi\u00e9n haciendo uso de mi derecho a disentir\u201d, explic\u00f3 durante la ma\u00f1anera. Record\u00f3 que&nbsp;su objetivo es concluir su sexenio y alejarse de la [&hellip;]<\/p>\n","protected":false},"author":35,"featured_media":136603,"comment_status":"open","ping_status":"open","sticky":false,"template":"","format":"standard","meta":{"_monsterinsights_skip_tracking":false,"_monsterinsights_sitenote_active":false,"_monsterinsights_sitenote_note":"","_monsterinsights_sitenote_category":0,"footnotes":""},"categories":[158],"tags":[188,30207,2801,10910],"class_list":["post-151324","post","type-post","status-publish","format-standard","has-post-thumbnail","hentry","category-politica","tag-amlo","tag-atenderia","tag-claudia-sheinbaum","tag-llamado","wp-image-borders"],"amp_enabled":true,"_links":{"self":[{"href":"https:\/\/nvnoticias.mx\/index.php\/wp-json\/wp\/v2\/posts\/151324","targetHints":{"allow":["GET"]}}],"collection":[{"href":"https:\/\/nvnoticias.mx\/index.php\/wp-json\/wp\/v2\/posts"}],"about":[{"href":"https:\/\/nvnoticias.mx\/index.php\/wp-json\/wp\/v2\/types\/post"}],"author":[{"embeddable":true,"href":"https:\/\/nvnoticias.mx\/index.php\/wp-json\/wp\/v2\/users\/35"}],"replies":[{"embeddable":true,"href":"https:\/\/nvnoticias.mx\/index.php\/wp-json\/wp\/v2\/comments?post=151324"}],"version-history":[{"count":1,"href":"https:\/\/nvnoticias.mx\/index.php\/wp-json\/wp\/v2\/posts\/151324\/revisions"}],"predecessor-version":[{"id":151325,"href":"https:\/\/nvnoticias.mx\/index.php\/wp-json\/wp\/v2\/posts\/151324\/revisions\/151325"}],"wp:featuredmedia":[{"embeddable":true,"href":"https:\/\/nvnoticias.mx\/index.php\/wp-json\/wp\/v2\/media\/136603"}],"wp:attachment":[{"href":"https:\/\/nvnoticias.mx\/index.php\/wp-json\/wp\/v2\/media?parent=151324"}],"wp:term":[{"taxonomy":"category","embeddable":true,"href":"https:\/\/nvnoticias.mx\/index.php\/wp-json\/wp\/v2\/categories?post=151324"},{"taxonomy":"post_tag","embeddable":true,"href":"https:\/\/nvnoticias.mx\/index.php\/wp-json\/wp\/v2\/tags?post=151324"}],"curies":[{"name":"wp","href":"https:\/\/api.w.org\/{rel}","templated":true}]}}