{"id":151120,"date":"2024-06-05T11:09:27","date_gmt":"2024-06-05T17:09:27","guid":{"rendered":"https:\/\/nvnoticias.mx\/?p=151120"},"modified":"2024-06-05T11:09:29","modified_gmt":"2024-06-05T17:09:29","slug":"sedena-invita-a-realizar-el-servicio-militar-nacional-encuadrado-por-tres-meses","status":"publish","type":"post","link":"https:\/\/nvnoticias.mx\/index.php\/2024\/06\/05\/sedena-invita-a-realizar-el-servicio-militar-nacional-encuadrado-por-tres-meses\/","title":{"rendered":"Sedena invita a realizar el servicio militar nacional encuadrado por tres meses"},"content":{"rendered":"\n<p><br><strong>Jes\u00fas Utrilla |  NV Noticias <\/strong><\/p>\n\n\n\n<p><br>La Secretar\u00eda de la Defensa Nacional puso en marcha una campa\u00f1as en el z\u00f3calo de Veracruz, para invitar a los j\u00f3venes a realizar el servicio militar nacional encuadrado por tres meses.<\/p>\n\n\n\n<p>Juan L\u00f3pez Mart\u00ednez, de la Sexta Compa\u00f1\u00eda del Servicio Nacional Militar dijo que se encuentran reclutando al personal de conscriptos clase 2006 para que liberen la cartilla en tres meses.<\/p>\n\n\n\n<p>Con el esquema las personas que se encuentren en edad de realizar el tr\u00e1mite ya no deben esperarse todo el a\u00f1o sino que pueden encuadrarse tres meses de lunes a viernes para obtener el documento.<\/p>\n\n\n\n<blockquote class=\"wp-block-quote is-layout-flow wp-block-quote-is-layout-flow\">\n<p>\u201cEst\u00e1n internos de lunes a viernes, los d\u00edas s\u00e1bado se van a sus casas y regresan el domingo para iniciar actividades de la pr\u00f3xima semana y as\u00ed es el proceso durante tres meses. Durante su estancia les ense\u00f1amos de la vida militar, las leyes y reglamentos, les damos adiestramiento, les ense\u00f1amos a usar el armamento y equipo as\u00ed como veh\u00edculos, un poco de todo\u201d.<\/p>\n<\/blockquote>\n\n\n\n<p>El curso iniciar\u00e1 el 24 de junio y concluye en septiembre. Los interesados tambi\u00e9n se hacen acreedores a un certificado de Protecci\u00f3n Civil y para inscribirse deben acudir a las instalaciones de La Boticaria. La campa\u00f1a en el z\u00f3calo de Veracruz permanecer\u00e1 vigente hasta el d\u00eda 25 de junio.<\/p>\n\n\n\n<blockquote class=\"wp-block-quote is-layout-flow wp-block-quote-is-layout-flow\">\n<p>\u201cSon requisitos b\u00e1sicos como certificado de estudios, comprobante de domicilio, credencial de electoral. Edad de 18 a 29 a\u00f1os\u201d.<\/p>\n<\/blockquote>\n\n\n\n<p>El perfil que debe cubrir el aspirante: ser mexicano por nacimiento y no haber adquirido otra nacionalidad; tener 19 a\u00f1os cumplidos y no ser mayor de 30 (hasta los 29 a\u00f1os 11 meses de edad); estar sano y apto cl\u00ednica y psicol\u00f3gicamente; no tener tatuajes visibles, ni que excedan una dimensi\u00f3n m\u00e1xima de 10 x 10 cm. que las im\u00e1genes no sean ofensivas o hagan apolog\u00eda del delito, ni perforaciones en el cuerpo.<\/p>\n\n\n\n<p>No tener un \u00edndice de masa corporal (imc) mayor de 27.9; no padecer alguna enfermedad cr\u00f3nica o que le impida realizar actividades en las cuales se requiere un esfuerzo considerable.<\/p>\n","protected":false},"excerpt":{"rendered":"<p>Jes\u00fas Utrilla | NV Noticias La Secretar\u00eda de la Defensa Nacional puso en marcha una campa\u00f1as en el z\u00f3calo de Veracruz, para invitar a los j\u00f3venes a realizar el servicio militar nacional encuadrado por tres meses. Juan L\u00f3pez Mart\u00ednez, de la Sexta Compa\u00f1\u00eda del Servicio Nacional Militar dijo que se encuentran reclutando al personal de [&hellip;]<\/p>\n","protected":false},"author":35,"featured_media":151121,"comment_status":"open","ping_status":"open","sticky":false,"template":"","format":"standard","meta":{"_monsterinsights_skip_tracking":false,"_monsterinsights_sitenote_active":false,"_monsterinsights_sitenote_note":"","_monsterinsights_sitenote_category":0,"footnotes":""},"categories":[154],"tags":[6969],"class_list":["post-151120","post","type-post","status-publish","format-standard","has-post-thumbnail","hentry","category-veracruz","tag-servicio-militar","wp-image-borders"],"amp_enabled":true,"_links":{"self":[{"href":"https:\/\/nvnoticias.mx\/index.php\/wp-json\/wp\/v2\/posts\/151120","targetHints":{"allow":["GET"]}}],"collection":[{"href":"https:\/\/nvnoticias.mx\/index.php\/wp-json\/wp\/v2\/posts"}],"about":[{"href":"https:\/\/nvnoticias.mx\/index.php\/wp-json\/wp\/v2\/types\/post"}],"author":[{"embeddable":true,"href":"https:\/\/nvnoticias.mx\/index.php\/wp-json\/wp\/v2\/users\/35"}],"replies":[{"embeddable":true,"href":"https:\/\/nvnoticias.mx\/index.php\/wp-json\/wp\/v2\/comments?post=151120"}],"version-history":[{"count":1,"href":"https:\/\/nvnoticias.mx\/index.php\/wp-json\/wp\/v2\/posts\/151120\/revisions"}],"predecessor-version":[{"id":151122,"href":"https:\/\/nvnoticias.mx\/index.php\/wp-json\/wp\/v2\/posts\/151120\/revisions\/151122"}],"wp:featuredmedia":[{"embeddable":true,"href":"https:\/\/nvnoticias.mx\/index.php\/wp-json\/wp\/v2\/media\/151121"}],"wp:attachment":[{"href":"https:\/\/nvnoticias.mx\/index.php\/wp-json\/wp\/v2\/media?parent=151120"}],"wp:term":[{"taxonomy":"category","embeddable":true,"href":"https:\/\/nvnoticias.mx\/index.php\/wp-json\/wp\/v2\/categories?post=151120"},{"taxonomy":"post_tag","embeddable":true,"href":"https:\/\/nvnoticias.mx\/index.php\/wp-json\/wp\/v2\/tags?post=151120"}],"curies":[{"name":"wp","href":"https:\/\/api.w.org\/{rel}","templated":true}]}}