{"id":151108,"date":"2024-06-05T10:04:46","date_gmt":"2024-06-05T16:04:46","guid":{"rendered":"https:\/\/nvnoticias.mx\/?p=151108"},"modified":"2024-06-05T10:04:48","modified_gmt":"2024-06-05T16:04:48","slug":"ine-estima-el-recuento-de-67-3-de-paquetes-de-la-eleccion-presidencial","status":"publish","type":"post","link":"https:\/\/nvnoticias.mx\/index.php\/2024\/06\/05\/ine-estima-el-recuento-de-67-3-de-paquetes-de-la-eleccion-presidencial\/","title":{"rendered":"INE estima el recuento de 67.3% de paquetes de la elecci\u00f3n presidencial"},"content":{"rendered":"\n<p>Este mi\u00e9rcoles 5 de junio, a las 08:00 horas, el Instituto Nacional Electoral (INE) anunci\u00f3 el inicio de los c\u00f3mputos distritales, que son la suma de los resultados de las actas de las m\u00e1s de 170 mil casillas del pa\u00eds, con validez legal.<\/p>\n\n\n\n<p>El INE estima, de forma preliminar, el recuento de 67.3% de los paquetes de la elecci\u00f3n presidencial; 70.3% para diputados y 70.7% para el Senado.<\/p>\n\n\n\n<p>En un mensaje, la consejera presidenta del INE, Guadalupe Taddei, se\u00f1al\u00f3 que tanto el PREP como los resultados de los conteos r\u00e1pidos son coincidentes, lo que refleja el alto nivel de precisi\u00f3n, rigor metodol\u00f3gico y cient\u00edfico con el que se realizan estos ejercicios.<\/p>\n\n\n\n<p>Sin embargo, precis\u00f3 que los resultados oficiales se conocer\u00e1n una vez concluidos los c\u00f3mputos de la elecci\u00f3n.<\/p>\n\n\n\n<blockquote class=\"wp-block-quote is-layout-flow wp-block-quote-is-layout-flow\">\n<p>&#8220;Los c\u00f3mputos distritales consisten en sumar los resultados contenidos en todas las actas de escrutinio y c\u00f3mputo de las casillas instaladas en un distrito electoral. \u00c9stos se realizar\u00e1 por orden, seg\u00fan el tipo de elecci\u00f3n: primero, los respectivos a la Presidencia de la Rep\u00fablica; luego, los de Diputaciones Federales, y finalmente los de Senadur\u00edas&#8221;, apunt\u00f3.<\/p>\n<\/blockquote>\n\n\n\n<p>Los c\u00f3mputos distritales tendr\u00e1n que finalizar a m\u00e1s tardar el s\u00e1bado 8 de junio.<\/p>\n\n\n\n<p>Fuente: El <a href=\"https:\/\/www.eluniversal.com.mx\/elecciones\/inician-los-computos-distritales-ine-estima-el-recuento-de-673-de-paquetes-de-la-eleccion-presidencial\/\" data-type=\"link\" data-id=\"https:\/\/www.eluniversal.com.mx\/elecciones\/inician-los-computos-distritales-ine-estima-el-recuento-de-673-de-paquetes-de-la-eleccion-presidencial\/\">Universal<\/a><br><\/p>\n","protected":false},"excerpt":{"rendered":"<p>Este mi\u00e9rcoles 5 de junio, a las 08:00 horas, el Instituto Nacional Electoral (INE) anunci\u00f3 el inicio de los c\u00f3mputos distritales, que son la suma de los resultados de las actas de las m\u00e1s de 170 mil casillas del pa\u00eds, con validez legal. El INE estima, de forma preliminar, el recuento de 67.3% de los [&hellip;]<\/p>\n","protected":false},"author":35,"featured_media":146089,"comment_status":"open","ping_status":"open","sticky":false,"template":"","format":"standard","meta":{"_monsterinsights_skip_tracking":false,"_monsterinsights_sitenote_active":false,"_monsterinsights_sitenote_note":"","_monsterinsights_sitenote_category":0,"footnotes":""},"categories":[158],"tags":[7291,443,5801],"class_list":["post-151108","post","type-post","status-publish","format-standard","has-post-thumbnail","hentry","category-politica","tag-eleccion-presidencial","tag-ine","tag-recuento","wp-image-borders"],"amp_enabled":true,"_links":{"self":[{"href":"https:\/\/nvnoticias.mx\/index.php\/wp-json\/wp\/v2\/posts\/151108","targetHints":{"allow":["GET"]}}],"collection":[{"href":"https:\/\/nvnoticias.mx\/index.php\/wp-json\/wp\/v2\/posts"}],"about":[{"href":"https:\/\/nvnoticias.mx\/index.php\/wp-json\/wp\/v2\/types\/post"}],"author":[{"embeddable":true,"href":"https:\/\/nvnoticias.mx\/index.php\/wp-json\/wp\/v2\/users\/35"}],"replies":[{"embeddable":true,"href":"https:\/\/nvnoticias.mx\/index.php\/wp-json\/wp\/v2\/comments?post=151108"}],"version-history":[{"count":1,"href":"https:\/\/nvnoticias.mx\/index.php\/wp-json\/wp\/v2\/posts\/151108\/revisions"}],"predecessor-version":[{"id":151109,"href":"https:\/\/nvnoticias.mx\/index.php\/wp-json\/wp\/v2\/posts\/151108\/revisions\/151109"}],"wp:featuredmedia":[{"embeddable":true,"href":"https:\/\/nvnoticias.mx\/index.php\/wp-json\/wp\/v2\/media\/146089"}],"wp:attachment":[{"href":"https:\/\/nvnoticias.mx\/index.php\/wp-json\/wp\/v2\/media?parent=151108"}],"wp:term":[{"taxonomy":"category","embeddable":true,"href":"https:\/\/nvnoticias.mx\/index.php\/wp-json\/wp\/v2\/categories?post=151108"},{"taxonomy":"post_tag","embeddable":true,"href":"https:\/\/nvnoticias.mx\/index.php\/wp-json\/wp\/v2\/tags?post=151108"}],"curies":[{"name":"wp","href":"https:\/\/api.w.org\/{rel}","templated":true}]}}