{"id":151095,"date":"2024-06-05T09:39:55","date_gmt":"2024-06-05T15:39:55","guid":{"rendered":"https:\/\/nvnoticias.mx\/?p=151095"},"modified":"2024-06-05T09:39:58","modified_gmt":"2024-06-05T15:39:58","slug":"gobiernos-endeudados-no-pueden-imponer-privaciones-indignas-a-la-poblacion-papa-francisco","status":"publish","type":"post","link":"https:\/\/nvnoticias.mx\/index.php\/2024\/06\/05\/gobiernos-endeudados-no-pueden-imponer-privaciones-indignas-a-la-poblacion-papa-francisco\/","title":{"rendered":"Gobiernos endeudados no pueden imponer privaciones &#8220;indignas&#8221; a la poblaci\u00f3n: Papa Francisco"},"content":{"rendered":"\n<p>El papa Francisco, cuyos compatriotas argentinos sufren la pobreza por millones, afirm\u00f3 que los gobiernos que enfrentan problemas de deuda no pueden imponer a sus pueblos &#8220;privaciones incompatibles con la dignidad humana&#8221;.<\/p>\n\n\n\n<blockquote class=\"wp-block-quote is-layout-flow wp-block-quote-is-layout-flow\">\n<p>&#8220;Despu\u00e9s de una globalizaci\u00f3n mal administrada, despu\u00e9s de la pandemia y de las guerras, nos encontramos frente a una crisis de deudas que afectan principalmente a los pa\u00edses del sur del mundo, generando miseria y angustia, y despojando a millones de personas de la posibilidad de un futuro digno&#8221;, deplor\u00f3 durante una audiencia en el Vaticano con participantes de una conferencia titulada &#8220;La Crisis de la Deuda en el Sur Global&#8221;.<\/p>\n<\/blockquote>\n\n\n\n<blockquote class=\"wp-block-quote is-layout-flow wp-block-quote-is-layout-flow\">\n<p>&#8220;En consecuencia, ning\u00fan gobierno puede exigir moralmente a su pueblo que sufra privaciones incompatibles con la dignidad humana&#8221;, agreg\u00f3 Francisco sin citar a un pa\u00eds en particular.<\/p>\n<\/blockquote>\n\n\n\n<p>Llamando a una &#8220;responsabilidad compartida&#8221; entre quienes dan financiamiento y quienes lo reciben, el pont\u00edfice abog\u00f3 por &#8220;un mecanismo multinacional, basado en la solidaridad y la armon\u00eda de los pueblos&#8221; que tome en cuenta las &#8220;implicaciones econ\u00f3micas, financieras y sociales&#8221; del endeudamiento.<\/p>\n\n\n\n<blockquote class=\"wp-block-quote is-layout-flow wp-block-quote-is-layout-flow\">\n<p>&#8220;La ausencia de este mecanismo favorece el &#8216;s\u00e1lvese quien pueda&#8217;, donde pierden siempre los m\u00e1s d\u00e9biles&#8221;, en un contexto en el que &#8220;la deuda ecol\u00f3gica y la deuda externa son dos caras de una misma moneda&#8221;, expres\u00f3.<\/p>\n<\/blockquote>\n\n\n\n<p>La Argentina natal del papa est\u00e1 inmersa en una severa pol\u00edtica de austeridad impuesta por el gobierno ultraliberal de Javier Milei, que en febrero se reuni\u00f3 en el Vaticano con el obispo de Roma en un esp\u00edritu de apaciguamiento, tras haberlo insultado repetidamente en los meses previos.<\/p>\n\n\n\n<p>Los recortes presupuestarios aplicados por el gobierno argentino han estrangulado el poder de compra, con repercusiones en el consumo, la actividad econ\u00f3mica y el empleo.<\/p>\n\n\n\n<p>El pa\u00eds est\u00e1 en una profunda recesi\u00f3n y el desamparo social se dispara.<\/p>\n\n\n\n<p>La pobreza alcanz\u00f3 al 55.5% de la poblaci\u00f3n argentina al t\u00e9rmino del primer trimestre de este a\u00f1o, seg\u00fan un informe del Observatorio de la Deuda Social de la privada Universidad Cat\u00f3lica Argentina (UCA), lo que representa a unos 25 millones de habitantes.<\/p>\n\n\n\n<p>El \u00faltimo dato oficial disponible corresponde al segundo semestre de 2023, cuando el \u00edndice de pobreza se situ\u00f3 en el 41.7%, seg\u00fan el instituto estad\u00edstico Indec, que informar\u00e1 en septiembre de los resultados del primer semestre de este a\u00f1o.<\/p>\n\n\n\n<p>A finales de mayo, la justicia argentina orden\u00f3 al gobierno proceder &#8220;inmediatamente&#8221; con la distribuci\u00f3n de toneladas de alimentos retenidos desde diciembre con el pretexto de realizar una auditor\u00eda a las organizaciones responsables de los comedores sociales.<\/p>\n\n\n\n<p>El papa Francisco, de 87 a\u00f1os, pide frecuentemente la cancelaci\u00f3n de la deuda de los pa\u00edses m\u00e1s pobres, en l\u00ednea con la doctrina social de la Iglesia Cat\u00f3lica.<\/p>\n\n\n\n<p>Fuente: <a href=\"https:\/\/www.eluniversal.com.mx\/mundo\/gobiernos-endeudados-no-pueden-imponer-privaciones-indignas-a-la-poblacion-dice-el-papa-francisco\/\" data-type=\"link\" data-id=\"https:\/\/www.eluniversal.com.mx\/mundo\/gobiernos-endeudados-no-pueden-imponer-privaciones-indignas-a-la-poblacion-dice-el-papa-francisco\/\">El Universal<\/a><br><\/p>\n\n\n\n<p><br><\/p>\n","protected":false},"excerpt":{"rendered":"<p>El papa Francisco, cuyos compatriotas argentinos sufren la pobreza por millones, afirm\u00f3 que los gobiernos que enfrentan problemas de deuda no pueden imponer a sus pueblos &#8220;privaciones incompatibles con la dignidad humana&#8221;. &#8220;Despu\u00e9s de una globalizaci\u00f3n mal administrada, despu\u00e9s de la pandemia y de las guerras, nos encontramos frente a una crisis de deudas que [&hellip;]<\/p>\n","protected":false},"author":35,"featured_media":151097,"comment_status":"open","ping_status":"open","sticky":false,"template":"","format":"standard","meta":{"_monsterinsights_skip_tracking":false,"_monsterinsights_sitenote_active":false,"_monsterinsights_sitenote_note":"","_monsterinsights_sitenote_category":0,"footnotes":""},"categories":[181],"tags":[259,4796],"class_list":["post-151095","post","type-post","status-publish","format-standard","has-post-thumbnail","hentry","category-internacional","tag-argentina","tag-papa-francisco","wp-image-borders"],"amp_enabled":true,"_links":{"self":[{"href":"https:\/\/nvnoticias.mx\/index.php\/wp-json\/wp\/v2\/posts\/151095","targetHints":{"allow":["GET"]}}],"collection":[{"href":"https:\/\/nvnoticias.mx\/index.php\/wp-json\/wp\/v2\/posts"}],"about":[{"href":"https:\/\/nvnoticias.mx\/index.php\/wp-json\/wp\/v2\/types\/post"}],"author":[{"embeddable":true,"href":"https:\/\/nvnoticias.mx\/index.php\/wp-json\/wp\/v2\/users\/35"}],"replies":[{"embeddable":true,"href":"https:\/\/nvnoticias.mx\/index.php\/wp-json\/wp\/v2\/comments?post=151095"}],"version-history":[{"count":2,"href":"https:\/\/nvnoticias.mx\/index.php\/wp-json\/wp\/v2\/posts\/151095\/revisions"}],"predecessor-version":[{"id":151098,"href":"https:\/\/nvnoticias.mx\/index.php\/wp-json\/wp\/v2\/posts\/151095\/revisions\/151098"}],"wp:featuredmedia":[{"embeddable":true,"href":"https:\/\/nvnoticias.mx\/index.php\/wp-json\/wp\/v2\/media\/151097"}],"wp:attachment":[{"href":"https:\/\/nvnoticias.mx\/index.php\/wp-json\/wp\/v2\/media?parent=151095"}],"wp:term":[{"taxonomy":"category","embeddable":true,"href":"https:\/\/nvnoticias.mx\/index.php\/wp-json\/wp\/v2\/categories?post=151095"},{"taxonomy":"post_tag","embeddable":true,"href":"https:\/\/nvnoticias.mx\/index.php\/wp-json\/wp\/v2\/tags?post=151095"}],"curies":[{"name":"wp","href":"https:\/\/api.w.org\/{rel}","templated":true}]}}