{"id":151089,"date":"2024-06-05T09:24:44","date_gmt":"2024-06-05T15:24:44","guid":{"rendered":"https:\/\/nvnoticias.mx\/?p=151089"},"modified":"2024-06-05T09:24:46","modified_gmt":"2024-06-05T15:24:46","slug":"lamenta-amlo-fallecimiento-de-rosalinda-lopez-hernandez","status":"publish","type":"post","link":"https:\/\/nvnoticias.mx\/index.php\/2024\/06\/05\/lamenta-amlo-fallecimiento-de-rosalinda-lopez-hernandez\/","title":{"rendered":"Lamenta AMLO fallecimiento de Rosalinda L\u00f3pez Hern\u00e1ndez"},"content":{"rendered":"\n<p>\u201cEstamos tristes\u201d, afirm\u00f3 el presidente Andr\u00e9s Manuel L\u00f3pez Obrador al expresar su p\u00e9same por el fallecimiento de Rosalinda L\u00f3pez Hern\u00e1ndez, hermana del exsecretario de Gobernaci\u00f3n, Ad\u00e1n Augusto L\u00f3pez Hern\u00e1ndez.<\/p>\n\n\n\n<blockquote class=\"wp-block-quote is-layout-flow wp-block-quote-is-layout-flow\">\n<p>\u201cEstamos tristes porque tenemos una mala noticia falleci\u00f3 nuestro hermana compa\u00f1era Rosalinda L\u00f3pez Hern\u00e1ndez\u201d, dijo el titular del Ejecutivo al inicio de la ma\u00f1anera.<\/p>\n<\/blockquote>\n\n\n\n<blockquote class=\"wp-block-quote is-layout-flow wp-block-quote-is-layout-flow\">\n<p>\u201cElla trabaj\u00f3 aqu\u00ed con nosotros, ven\u00eda luchando desde hace muchos a\u00f1os en Tabasco, pareja compa\u00f1era del gobernador Rutilio Escand\u00f3n y hermana de Ad\u00e1n Augusto L\u00f3pez Hern\u00e1ndez y gan\u00f3 el domingo como senadora en Tabasco\u201d.<\/p>\n<\/blockquote>\n\n\n\n<blockquote class=\"wp-block-quote is-layout-flow wp-block-quote-is-layout-flow\">\n<p>\u201cGan\u00f3 con mucho margen, porque ella y su familia son gentes muy queridas en Tabasco, que descanse en paz Rosalinda\u201d, lament\u00f3 el Presidente de M\u00e9xico.<\/p>\n<\/blockquote>\n\n\n\n<p>En el gobierno federal, Rosalinda L\u00f3pez Hern\u00e1ndez fue administradora general de Auditor\u00eda Fiscal en el Servicio de Administraci\u00f3n Tributaria (SAT).<\/p>\n\n\n\n<p>Ha sido diputada local, diputada federal y senadora por Tabasco.<\/p>\n\n\n\n<p>Al igual que su hermano, era una de las colaborabas m\u00e1s cercanas del presidente L\u00f3pez Obrador.<\/p>\n\n\n\n<p>Fuente: El<a href=\"https:\/\/www.eluniversal.com.mx\/nacion\/estamos-tristes-amlo-lamenta-fallecimiento-de-rosalinda-lopez-hernandez\/\" data-type=\"link\" data-id=\"https:\/\/www.eluniversal.com.mx\/nacion\/estamos-tristes-amlo-lamenta-fallecimiento-de-rosalinda-lopez-hernandez\/\"> Universal<\/a> <\/p>\n","protected":false},"excerpt":{"rendered":"<p>\u201cEstamos tristes\u201d, afirm\u00f3 el presidente Andr\u00e9s Manuel L\u00f3pez Obrador al expresar su p\u00e9same por el fallecimiento de Rosalinda L\u00f3pez Hern\u00e1ndez, hermana del exsecretario de Gobernaci\u00f3n, Ad\u00e1n Augusto L\u00f3pez Hern\u00e1ndez. \u201cEstamos tristes porque tenemos una mala noticia falleci\u00f3 nuestro hermana compa\u00f1era Rosalinda L\u00f3pez Hern\u00e1ndez\u201d, dijo el titular del Ejecutivo al inicio de la ma\u00f1anera. \u201cElla trabaj\u00f3 [&hellip;]<\/p>\n","protected":false},"author":35,"featured_media":151091,"comment_status":"open","ping_status":"open","sticky":false,"template":"","format":"standard","meta":{"_monsterinsights_skip_tracking":false,"_monsterinsights_sitenote_active":false,"_monsterinsights_sitenote_note":"","_monsterinsights_sitenote_category":0,"footnotes":""},"categories":[158],"tags":[188,30185],"class_list":["post-151089","post","type-post","status-publish","format-standard","has-post-thumbnail","hentry","category-politica","tag-amlo","tag-rosalinda-lopez-hernandez","wp-image-borders"],"amp_enabled":true,"_links":{"self":[{"href":"https:\/\/nvnoticias.mx\/index.php\/wp-json\/wp\/v2\/posts\/151089","targetHints":{"allow":["GET"]}}],"collection":[{"href":"https:\/\/nvnoticias.mx\/index.php\/wp-json\/wp\/v2\/posts"}],"about":[{"href":"https:\/\/nvnoticias.mx\/index.php\/wp-json\/wp\/v2\/types\/post"}],"author":[{"embeddable":true,"href":"https:\/\/nvnoticias.mx\/index.php\/wp-json\/wp\/v2\/users\/35"}],"replies":[{"embeddable":true,"href":"https:\/\/nvnoticias.mx\/index.php\/wp-json\/wp\/v2\/comments?post=151089"}],"version-history":[{"count":1,"href":"https:\/\/nvnoticias.mx\/index.php\/wp-json\/wp\/v2\/posts\/151089\/revisions"}],"predecessor-version":[{"id":151090,"href":"https:\/\/nvnoticias.mx\/index.php\/wp-json\/wp\/v2\/posts\/151089\/revisions\/151090"}],"wp:featuredmedia":[{"embeddable":true,"href":"https:\/\/nvnoticias.mx\/index.php\/wp-json\/wp\/v2\/media\/151091"}],"wp:attachment":[{"href":"https:\/\/nvnoticias.mx\/index.php\/wp-json\/wp\/v2\/media?parent=151089"}],"wp:term":[{"taxonomy":"category","embeddable":true,"href":"https:\/\/nvnoticias.mx\/index.php\/wp-json\/wp\/v2\/categories?post=151089"},{"taxonomy":"post_tag","embeddable":true,"href":"https:\/\/nvnoticias.mx\/index.php\/wp-json\/wp\/v2\/tags?post=151089"}],"curies":[{"name":"wp","href":"https:\/\/api.w.org\/{rel}","templated":true}]}}