{"id":151077,"date":"2024-06-04T19:57:56","date_gmt":"2024-06-05T01:57:56","guid":{"rendered":"https:\/\/nvnoticias.mx\/?p=151077"},"modified":"2024-06-04T19:57:58","modified_gmt":"2024-06-05T01:57:58","slug":"tigres-despide-a-siboldi","status":"publish","type":"post","link":"https:\/\/nvnoticias.mx\/index.php\/2024\/06\/04\/tigres-despide-a-siboldi\/","title":{"rendered":"Tigres despide a Siboldi"},"content":{"rendered":"\n<p><\/p>\n\n\n\n<p>Los Tigres UANL han hecho oficial que Robert Dante Siboldi dej\u00f3 de ser el director t\u00e9cnico del equipo, luego de un a\u00f1o al frente del equipo en la Liga MX.<\/p>\n\n\n\n<p>A trav\u00e9s de un comunicado en sus redes sociales, el cuadro regiomontano confirm\u00f3 que se tom\u00f3 la decisi\u00f3n de no renovar el contrato con el t\u00e9cnico, sin dar explicaci\u00f3n alguna.<\/p>\n\n\n\n<p>En redes sociales ha trascendido que el estratega junto con su cuerpo t\u00e9cnico habr\u00edan realizado algunas acciones que no fueron del agrado de la directiva, por lo que se opt\u00f3 por no continuar con la relaci\u00f3n laboral.<\/p>\n\n\n\n<p>Durante su estad\u00eda con el club, Siboldi dirigi\u00f3 65 encuentros con un saldo de 31 victorias, 20 empates y 14 derrotas, adem\u00e1s de un t\u00edtulo de la Liga MX.<\/p>\n\n\n\n<figure class=\"wp-block-embed aligncenter is-type-rich is-provider-twitter wp-block-embed-twitter\"><div class=\"wp-block-embed__wrapper\">\n<blockquote class=\"twitter-tweet\" data-width=\"550\" data-dnt=\"true\"><p lang=\"pt\" dir=\"ltr\">Comunicado Oficial. <a href=\"https:\/\/t.co\/w8SDY9CZx7\">pic.twitter.com\/w8SDY9CZx7<\/a><\/p>&mdash; Club Tigres ???? (@TigresOficial) <a href=\"https:\/\/twitter.com\/TigresOficial\/status\/1798095227548311758?ref_src=twsrc%5Etfw\">June 4, 2024<\/a><\/blockquote><script async src=\"https:\/\/platform.twitter.com\/widgets.js\" charset=\"utf-8\"><\/script>\n<\/div><\/figure>\n","protected":false},"excerpt":{"rendered":"<p>Los Tigres UANL han hecho oficial que Robert Dante Siboldi dej\u00f3 de ser el director t\u00e9cnico del equipo, luego de un a\u00f1o al frente del equipo en la Liga MX. A trav\u00e9s de un comunicado en sus redes sociales, el cuadro regiomontano confirm\u00f3 que se tom\u00f3 la decisi\u00f3n de no renovar el contrato con el [&hellip;]<\/p>\n","protected":false},"author":8,"featured_media":51370,"comment_status":"open","ping_status":"open","sticky":false,"template":"","format":"standard","meta":{"_monsterinsights_skip_tracking":false,"_monsterinsights_sitenote_active":false,"_monsterinsights_sitenote_note":"","_monsterinsights_sitenote_category":0,"footnotes":""},"categories":[159],"tags":[13889,1303],"class_list":["post-151077","post","type-post","status-publish","format-standard","has-post-thumbnail","hentry","category-deportes","tag-robert-dante-siboldi","tag-tigres-uanl","wp-image-borders"],"amp_enabled":true,"_links":{"self":[{"href":"https:\/\/nvnoticias.mx\/index.php\/wp-json\/wp\/v2\/posts\/151077","targetHints":{"allow":["GET"]}}],"collection":[{"href":"https:\/\/nvnoticias.mx\/index.php\/wp-json\/wp\/v2\/posts"}],"about":[{"href":"https:\/\/nvnoticias.mx\/index.php\/wp-json\/wp\/v2\/types\/post"}],"author":[{"embeddable":true,"href":"https:\/\/nvnoticias.mx\/index.php\/wp-json\/wp\/v2\/users\/8"}],"replies":[{"embeddable":true,"href":"https:\/\/nvnoticias.mx\/index.php\/wp-json\/wp\/v2\/comments?post=151077"}],"version-history":[{"count":1,"href":"https:\/\/nvnoticias.mx\/index.php\/wp-json\/wp\/v2\/posts\/151077\/revisions"}],"predecessor-version":[{"id":151078,"href":"https:\/\/nvnoticias.mx\/index.php\/wp-json\/wp\/v2\/posts\/151077\/revisions\/151078"}],"wp:featuredmedia":[{"embeddable":true,"href":"https:\/\/nvnoticias.mx\/index.php\/wp-json\/wp\/v2\/media\/51370"}],"wp:attachment":[{"href":"https:\/\/nvnoticias.mx\/index.php\/wp-json\/wp\/v2\/media?parent=151077"}],"wp:term":[{"taxonomy":"category","embeddable":true,"href":"https:\/\/nvnoticias.mx\/index.php\/wp-json\/wp\/v2\/categories?post=151077"},{"taxonomy":"post_tag","embeddable":true,"href":"https:\/\/nvnoticias.mx\/index.php\/wp-json\/wp\/v2\/tags?post=151077"}],"curies":[{"name":"wp","href":"https:\/\/api.w.org\/{rel}","templated":true}]}}