{"id":151062,"date":"2024-06-04T15:43:28","date_gmt":"2024-06-04T21:43:28","guid":{"rendered":"https:\/\/nvnoticias.mx\/?p=151062"},"modified":"2024-06-04T15:43:30","modified_gmt":"2024-06-04T21:43:30","slug":"selena-gomez-cree-que-tal-vez-nunca-mas-saldra-de-gira-por-una-fuerte-razon","status":"publish","type":"post","link":"https:\/\/nvnoticias.mx\/index.php\/2024\/06\/04\/selena-gomez-cree-que-tal-vez-nunca-mas-saldra-de-gira-por-una-fuerte-razon\/","title":{"rendered":"Selena Gomez cree que tal vez nunca m\u00e1s saldr\u00e1 de gira por una fuerte raz\u00f3n"},"content":{"rendered":"\n<p>Selena Gomez, quien hace tiempo revel\u00f3 que su hermana Gracie, de 10 a\u00f1os, es su mejor consejera, est\u00e1 decidida a priorizar su salud emocional y, para ello, entiende que debe elegir a conciencia c\u00f3mo y con qui\u00e9n pasar\u00e1 su tiempo.<\/p>\n\n\n\n<p>Por eso, aunque tiene una relaci\u00f3n muy estrecha y cari\u00f1osa con sus fans, la cantante no est\u00e1 convencida de volver a querer hacer una gira de conciertos. &#8220;Nada me hace m\u00e1s feliz que 90 minutos de estar con mis fans y simplemente celebrar juntos&#8221;, le dijo Selena a &#8216;TIME&#8217; en una reciente entrevista, en la que revel\u00f3 lo que piensa sobre volver a armar un tour.<\/p>\n\n\n\n<p>Seg\u00fan explic\u00f3, su mente est\u00e1 dividida un &#8220;50\/50&#8221; respecto a sus planes, pero, \u00bftendr\u00e1 ello que ver con su actual romance con Benny Blanco?<\/p>\n\n\n\n<p>Hace poco, Benny Blanco confes\u00f3 si desea dar el siguiente paso con Selena Gomez, es decir, casarse y tener hijos. Pero no es precisamente esa la raz\u00f3n por la que la int\u00e9rprete de &#8216;Lose You to Love Me&#8217; est\u00e1 dudando sobre una posible nueva gira.<\/p>\n\n\n\n<p>&#8220;Es muy agotador emocionalmente para m\u00ed&#8221;, explic\u00f3 Gomez al medio citado. &#8220;Y luego, te das cuenta de que est\u00e1s rodeada de un grupo de personas a las que les est\u00e1s pagando&#8221;, a\u00f1adi\u00f3 la famosa de 31 a\u00f1os, quien, la \u00faltima vez que emprendi\u00f3 un tour de conciertos fue en 2016, con su \u00e1lbum &#8216;Revival&#8217;. En aquella ocasi\u00f3n, Selena puso un alto a sus presentaciones porque estaba luchando contra la ansiedad y la depresi\u00f3n, como efecto secundario del lupus, enfermedad que se le diagnostic\u00f3 en 2013.<\/p>\n\n\n\n<p>Para recargar su energ\u00eda y tener mayor estabilidad emocional, Selena procura fortalecer lazos con su c\u00edrculo m\u00e1s cercano, pero confiesa que hay ocasiones en las que tiene que hacerle frente al sentimiento de soledad. &#8220;Es dif\u00edcil. Puedes estar entre una multitud y aun as\u00ed sentirte solo. Todav\u00eda lidio con eso&#8221;, se\u00f1al\u00f3 Gomez, quien constantemente habla abiertamente de sus miedos y promueve el amor propio.<\/p>\n","protected":false},"excerpt":{"rendered":"<p>Selena Gomez, quien hace tiempo revel\u00f3 que su hermana Gracie, de 10 a\u00f1os, es su mejor consejera, est\u00e1 decidida a priorizar su salud emocional y, para ello, entiende que debe elegir a conciencia c\u00f3mo y con qui\u00e9n pasar\u00e1 su tiempo. Por eso, aunque tiene una relaci\u00f3n muy estrecha y cari\u00f1osa con sus fans, la cantante [&hellip;]<\/p>\n","protected":false},"author":35,"featured_media":67065,"comment_status":"open","ping_status":"open","sticky":false,"template":"","format":"standard","meta":{"_monsterinsights_skip_tracking":false,"_monsterinsights_sitenote_active":false,"_monsterinsights_sitenote_note":"","_monsterinsights_sitenote_category":0,"footnotes":""},"categories":[576],"tags":[126],"class_list":["post-151062","post","type-post","status-publish","format-standard","has-post-thumbnail","hentry","category-ocio","tag-selena-gomez","wp-image-borders"],"amp_enabled":true,"_links":{"self":[{"href":"https:\/\/nvnoticias.mx\/index.php\/wp-json\/wp\/v2\/posts\/151062","targetHints":{"allow":["GET"]}}],"collection":[{"href":"https:\/\/nvnoticias.mx\/index.php\/wp-json\/wp\/v2\/posts"}],"about":[{"href":"https:\/\/nvnoticias.mx\/index.php\/wp-json\/wp\/v2\/types\/post"}],"author":[{"embeddable":true,"href":"https:\/\/nvnoticias.mx\/index.php\/wp-json\/wp\/v2\/users\/35"}],"replies":[{"embeddable":true,"href":"https:\/\/nvnoticias.mx\/index.php\/wp-json\/wp\/v2\/comments?post=151062"}],"version-history":[{"count":1,"href":"https:\/\/nvnoticias.mx\/index.php\/wp-json\/wp\/v2\/posts\/151062\/revisions"}],"predecessor-version":[{"id":151063,"href":"https:\/\/nvnoticias.mx\/index.php\/wp-json\/wp\/v2\/posts\/151062\/revisions\/151063"}],"wp:featuredmedia":[{"embeddable":true,"href":"https:\/\/nvnoticias.mx\/index.php\/wp-json\/wp\/v2\/media\/67065"}],"wp:attachment":[{"href":"https:\/\/nvnoticias.mx\/index.php\/wp-json\/wp\/v2\/media?parent=151062"}],"wp:term":[{"taxonomy":"category","embeddable":true,"href":"https:\/\/nvnoticias.mx\/index.php\/wp-json\/wp\/v2\/categories?post=151062"},{"taxonomy":"post_tag","embeddable":true,"href":"https:\/\/nvnoticias.mx\/index.php\/wp-json\/wp\/v2\/tags?post=151062"}],"curies":[{"name":"wp","href":"https:\/\/api.w.org\/{rel}","templated":true}]}}