{"id":15103,"date":"2021-06-03T12:08:27","date_gmt":"2021-06-03T17:08:27","guid":{"rendered":"https:\/\/nvnoticias.mx\/?p=15103"},"modified":"2021-06-03T12:08:29","modified_gmt":"2021-06-03T17:08:29","slug":"asi-sera-la-boleta-para-la-consulta-ciudadana","status":"publish","type":"post","link":"https:\/\/nvnoticias.mx\/index.php\/2021\/06\/03\/asi-sera-la-boleta-para-la-consulta-ciudadana\/","title":{"rendered":"As\u00ed ser\u00e1 la boleta para la consulta sobre juicio a expresidentes"},"content":{"rendered":"\n<p>El\u00a0Consejo General del INE\u00a0aprob\u00f3 el acuerdo mediante el cual de luz verde al dise\u00f1o y la impresi\u00f3n de papeleta, la plantilla braille y el sello para campo de municipio, de la\u00a0boleta de consulta popular\u00a0a realizarse el 1 de agosto pr\u00f3ximo.\u00a0<\/p>\n\n\n\n<p>Se trata de la consulta popular solicitada por el Ejecutivo Federal y aprobada por el Senado de la Rep\u00fablica, para determinar si se somete a investigaci\u00f3n y en su caso proceso, a los \u00faltimos cinco\u00a0mandatarios federales\u00a0de M\u00e9xico. La pregunta a someterse a consulta, fue aprobada por la\u00a0Suprema Corte de Justicia de la Naci\u00f3n.<\/p>\n\n\n\n<p>Por unanimidad, consejeras y consejeros aprobaron que el dise\u00f1o de la papeleta sea en media carta; no se prev\u00e9 su impresi\u00f3n en papel seguridad, sino en papel ordinario, pero incorporando medidas de prevenci\u00f3n en la impresi\u00f3n, ello con la finalidad de reducir costos.<\/p>\n\n\n\n<p>En el anverso de la papeleta se ubica la pregunta: \u201c<em>\u00bfEst\u00e1s de acuerdo o no en que se lleven a cabo las acciones pertinentes con apego al margo constitucional y legal, para emprender un proceso de esclarecimiento de las decisiones pol\u00edticas tomadas en los a\u00f1os pasados por los actores pol\u00edticos, encaminado a garantizar la justicia y los derechos de las posibles v\u00edctimas?\u201d.<\/em><\/p>\n\n\n\n<figure class=\"wp-block-image size-large\"><img loading=\"lazy\" decoding=\"async\" width=\"1024\" height=\"631\" src=\"https:\/\/nvnoticias.mx\/wp-content\/uploads\/2021\/06\/image-1024x631.jpeg\" alt=\"\" class=\"wp-image-15104\" srcset=\"https:\/\/nvnoticias.mx\/wp-content\/uploads\/2021\/06\/image-1024x631.jpeg 1024w, https:\/\/nvnoticias.mx\/wp-content\/uploads\/2021\/06\/image-300x185.jpeg 300w, https:\/\/nvnoticias.mx\/wp-content\/uploads\/2021\/06\/image-768x473.jpeg 768w, https:\/\/nvnoticias.mx\/wp-content\/uploads\/2021\/06\/image.jpeg 1201w\" sizes=\"auto, (max-width: 1024px) 100vw, 1024px\" \/><figcaption>Foto: El universal<\/figcaption><\/figure>\n\n\n\n<p>Se ubican tambi\u00e9n las opciones de respuesta binaria: S\u00ed y No. En la parte posterior de la boleta se incorpora la descripci\u00f3n del tema, ello de conformidad con lo que mandata la ley: \u201c<em>Se convoca a las y los ciudadanos de la Rep\u00fablica Mexicana para que emitan su opini\u00f3n en el proceso de consulta popular sobre las acciones para emprender un proceso de esclarecimiento de las decisiones pol\u00edticas tomadas en los a\u00f1os pasados por los actores pol\u00edticos\u201d.<\/em><\/p>\n\n\n\n<p>Fuente: E<a href=\"https:\/\/www.eluniversal.com.mx\/nacion\/asi-es-la-boleta-austera-para-la-consulta-popular-sobre-juicio-expresidentes\">l Universal<\/a><\/p>\n","protected":false},"excerpt":{"rendered":"<p>El\u00a0Consejo General del INE\u00a0aprob\u00f3 el acuerdo mediante el cual de luz verde al dise\u00f1o y la impresi\u00f3n de papeleta, la plantilla braille y el sello para campo de municipio, de la\u00a0boleta de consulta popular\u00a0a realizarse el 1 de agosto pr\u00f3ximo.\u00a0 Se trata de la consulta popular solicitada por el Ejecutivo Federal y aprobada por el [&hellip;]<\/p>\n","protected":false},"author":6,"featured_media":15105,"comment_status":"open","ping_status":"open","sticky":false,"template":"","format":"standard","meta":{"_monsterinsights_skip_tracking":false,"_monsterinsights_sitenote_active":false,"_monsterinsights_sitenote_note":"","_monsterinsights_sitenote_category":0,"footnotes":""},"categories":[158],"tags":[4165,2072,3325,1042],"class_list":["post-15103","post","type-post","status-publish","format-standard","has-post-thumbnail","hentry","category-politica","tag-boleta","tag-consulta-popular","tag-expresidentes","tag-juicio","wp-image-borders"],"amp_enabled":true,"_links":{"self":[{"href":"https:\/\/nvnoticias.mx\/index.php\/wp-json\/wp\/v2\/posts\/15103","targetHints":{"allow":["GET"]}}],"collection":[{"href":"https:\/\/nvnoticias.mx\/index.php\/wp-json\/wp\/v2\/posts"}],"about":[{"href":"https:\/\/nvnoticias.mx\/index.php\/wp-json\/wp\/v2\/types\/post"}],"author":[{"embeddable":true,"href":"https:\/\/nvnoticias.mx\/index.php\/wp-json\/wp\/v2\/users\/6"}],"replies":[{"embeddable":true,"href":"https:\/\/nvnoticias.mx\/index.php\/wp-json\/wp\/v2\/comments?post=15103"}],"version-history":[{"count":1,"href":"https:\/\/nvnoticias.mx\/index.php\/wp-json\/wp\/v2\/posts\/15103\/revisions"}],"predecessor-version":[{"id":15106,"href":"https:\/\/nvnoticias.mx\/index.php\/wp-json\/wp\/v2\/posts\/15103\/revisions\/15106"}],"wp:featuredmedia":[{"embeddable":true,"href":"https:\/\/nvnoticias.mx\/index.php\/wp-json\/wp\/v2\/media\/15105"}],"wp:attachment":[{"href":"https:\/\/nvnoticias.mx\/index.php\/wp-json\/wp\/v2\/media?parent=15103"}],"wp:term":[{"taxonomy":"category","embeddable":true,"href":"https:\/\/nvnoticias.mx\/index.php\/wp-json\/wp\/v2\/categories?post=15103"},{"taxonomy":"post_tag","embeddable":true,"href":"https:\/\/nvnoticias.mx\/index.php\/wp-json\/wp\/v2\/tags?post=15103"}],"curies":[{"name":"wp","href":"https:\/\/api.w.org\/{rel}","templated":true}]}}