{"id":151023,"date":"2024-06-04T12:57:47","date_gmt":"2024-06-04T18:57:47","guid":{"rendered":"https:\/\/nvnoticias.mx\/?p=151023"},"modified":"2024-06-04T12:57:49","modified_gmt":"2024-06-04T18:57:49","slug":"exigen-que-cfe-indemnice-a-familia-de-nino-que-murio-electrocutado-en-la-laguna","status":"publish","type":"post","link":"https:\/\/nvnoticias.mx\/index.php\/2024\/06\/04\/exigen-que-cfe-indemnice-a-familia-de-nino-que-murio-electrocutado-en-la-laguna\/","title":{"rendered":"Exigen que CFE indemnice a familia de ni\u00f1o que muri\u00f3 electrocutado en La Laguna"},"content":{"rendered":"\n<p><\/p>\n\n\n\n<p><strong>Jes\u00fas Utrilla \/ NV Noticias<\/strong><\/p>\n\n\n\n<p>Familiares del ni\u00f1o Irving Mena Pacheco, as\u00ed como vecinos de La Laguna, exigieron a Comisi\u00f3n Federal de Electricidad, que se haga responsable por la muerte del menor, quien se electrocut\u00f3 debido a una mala instalaci\u00f3n de CFE.<\/p>\n\n\n\n<p>La muerte del ni\u00f1o de 13 a\u00f1os se suscit\u00f3 el 29 de julio de 2023 en la calle Vasco de Quiroga y \u00c1rbol de la Pochota. <\/p>\n\n\n\n<p>Su abuelita, la se\u00f1ora Evangelina Pacheco, record\u00f3 que el infante se encontraba en la calle, en ese entonces era temporada de lluvias, por lo que el lugar estaba inundado, accidentalmente, toc\u00f3 una reja que estaba electrificada, por lo que perdi\u00f3 la vida. <\/p>\n\n\n\n<p>Ante ello los familiares exigieron la indemnizaci\u00f3n correspondiente.<\/p>\n\n\n\n<blockquote class=\"wp-block-quote is-layout-flow wp-block-quote-is-layout-flow\">\n<p><em>\u201cTememos porque pueda ocurrir otro accidente, ya que en la escuela dicen que tambi\u00e9n da toques y ah\u00ed va mi otro nieto. Ya tiene tiempo que da toques ah\u00ed. \u00c9l andaba jugando como ni\u00f1o y pas\u00f3 el accidente y yo quiero que compongan bien la electricidad\u201d.<\/em><\/p>\n<\/blockquote>\n\n\n\n<p>Mar\u00eda Teresa L\u00f3pez Hern\u00e1ndez, vecina del lugar, exigi\u00f3 pronta atenci\u00f3n, pues a pesar que CFE, despu\u00e9s del accidente, constat\u00f3 las malas condiciones de la infraestructura el\u00e9ctrica, no arregl\u00f3. <\/p>\n\n\n\n<p>Advirti\u00f3 que cerca del lugar hay una escuela y podr\u00eda volver a repetirse un accidente similar.<\/p>\n\n\n\n<blockquote class=\"wp-block-quote is-layout-flow wp-block-quote-is-layout-flow\">\n<p><em>\u201cHasta el d\u00eda de hoy siguen exactamente igual dejando todo en condiciones para que otra tragedia se de. Ni siquiera porque en esta calle est\u00e1 la escuela primaria. CFE es una empresa irresponsable\u201d.<\/em><\/p>\n<\/blockquote>\n\n\n\n<p>Los vecinos y familiares del menos exigieron justicia, ya que CFE no ofreci\u00f3 una disculpa, no les dio el p\u00e9same, no compuso la instalaci\u00f3n el\u00e9ctrica y mucho menos otorg\u00f3 una indemnizaci\u00f3n o apoyo de gastos funerarios.<\/p>\n\n\n\n<p><\/p>\n","protected":false},"excerpt":{"rendered":"<p>Jes\u00fas Utrilla \/ NV Noticias Familiares del ni\u00f1o Irving Mena Pacheco, as\u00ed como vecinos de La Laguna, exigieron a Comisi\u00f3n Federal de Electricidad, que se haga responsable por la muerte del menor, quien se electrocut\u00f3 debido a una mala instalaci\u00f3n de CFE. La muerte del ni\u00f1o de 13 a\u00f1os se suscit\u00f3 el 29 de julio [&hellip;]<\/p>\n","protected":false},"author":8,"featured_media":151025,"comment_status":"open","ping_status":"open","sticky":false,"template":"","format":"standard","meta":{"_monsterinsights_skip_tracking":false,"_monsterinsights_sitenote_active":false,"_monsterinsights_sitenote_note":"","_monsterinsights_sitenote_category":0,"footnotes":""},"categories":[154],"tags":[821,17474,30176,180],"class_list":["post-151023","post","type-post","status-publish","format-standard","has-post-thumbnail","hentry","category-veracruz","tag-cfe","tag-indemnizacion","tag-nino-electrocutado","tag-veracruz","wp-image-borders"],"amp_enabled":true,"_links":{"self":[{"href":"https:\/\/nvnoticias.mx\/index.php\/wp-json\/wp\/v2\/posts\/151023","targetHints":{"allow":["GET"]}}],"collection":[{"href":"https:\/\/nvnoticias.mx\/index.php\/wp-json\/wp\/v2\/posts"}],"about":[{"href":"https:\/\/nvnoticias.mx\/index.php\/wp-json\/wp\/v2\/types\/post"}],"author":[{"embeddable":true,"href":"https:\/\/nvnoticias.mx\/index.php\/wp-json\/wp\/v2\/users\/8"}],"replies":[{"embeddable":true,"href":"https:\/\/nvnoticias.mx\/index.php\/wp-json\/wp\/v2\/comments?post=151023"}],"version-history":[{"count":1,"href":"https:\/\/nvnoticias.mx\/index.php\/wp-json\/wp\/v2\/posts\/151023\/revisions"}],"predecessor-version":[{"id":151024,"href":"https:\/\/nvnoticias.mx\/index.php\/wp-json\/wp\/v2\/posts\/151023\/revisions\/151024"}],"wp:featuredmedia":[{"embeddable":true,"href":"https:\/\/nvnoticias.mx\/index.php\/wp-json\/wp\/v2\/media\/151025"}],"wp:attachment":[{"href":"https:\/\/nvnoticias.mx\/index.php\/wp-json\/wp\/v2\/media?parent=151023"}],"wp:term":[{"taxonomy":"category","embeddable":true,"href":"https:\/\/nvnoticias.mx\/index.php\/wp-json\/wp\/v2\/categories?post=151023"},{"taxonomy":"post_tag","embeddable":true,"href":"https:\/\/nvnoticias.mx\/index.php\/wp-json\/wp\/v2\/tags?post=151023"}],"curies":[{"name":"wp","href":"https:\/\/api.w.org\/{rel}","templated":true}]}}