{"id":150975,"date":"2024-06-03T20:00:00","date_gmt":"2024-06-04T02:00:00","guid":{"rendered":"https:\/\/nvnoticias.mx\/?p=150975"},"modified":"2024-06-03T20:24:42","modified_gmt":"2024-06-04T02:24:42","slug":"fallece-conductor-de-camion-en-veracruz-por-presunto-golpe-de-calor-van-dos-casos-en-urbanos","status":"publish","type":"post","link":"https:\/\/nvnoticias.mx\/index.php\/2024\/06\/03\/fallece-conductor-de-camion-en-veracruz-por-presunto-golpe-de-calor-van-dos-casos-en-urbanos\/","title":{"rendered":"Fallece conductor de cami\u00f3n en Veracruz por presunto golpe de calor; van dos casos en urbanos"},"content":{"rendered":"\n<p><\/p>\n\n\n\n<p>Por aparentes causas naturales el conductor de un autob\u00fas del servicio urbano perdi\u00f3 la vida a las afueras del domicilio de su patr\u00f3n en calles de la colonia El Campanario ubicada en la zona norte de la ciudad.<\/p>\n\n\n\n<p>Una llamada al n\u00famero de emergencias 911 por parte de sus compa\u00f1eros fue la que alert\u00f3 a las corporaciones de seguridad y rescate para que se trasladaran a la calle B\u00f3veda casi esquina Baluarte.<\/p>\n\n\n\n<p>Testigos se\u00f1alaron que el agraviado identificado como Gustavo C. de 42 a\u00f1os de edad, hab\u00eda ido a entregar la unidad de la ruta Herradura marcada con el n\u00famero econ\u00f3mico 1446 a casa de su propietario, pero comenz\u00f3 a sentirse muy mal.<\/p>\n\n\n\n<p>Fue as\u00ed que decidi\u00f3 recostarse en los asientos de pasajeros tras informarle lo que le ocurr\u00eda a sus compa\u00f1eros, los cuales fueron a verlo pero desafortunadamente ya no reaccionaba.<\/p>\n\n\n\n<p>Elementos de la Secretar\u00eda de Seguridad P\u00fablica que llegaron hasta ese sitio confirmaron el deceso del infortunado chofer y procedieron a realizar el acordonamiento correspondiente adem\u00e1s de dar aviso a la fiscal\u00eda.<\/p>\n\n\n\n<p>Ya por \u00faltimo personal de la Polic\u00eda Ministerial se entrevist\u00f3 con familiares del agraviado quien aparentemente habr\u00eda fallecido por un posible infarto, en tanto personal de periciales orden\u00f3 el retiro del cuerpo tras finalizar las diligencias.<\/p>\n\n\n\n<p>No se descarta que Gustavo pudo haber sufrido un golpe de calor que habr\u00eda acabado en un infarto, tal y como sucedi\u00f3 el pasado 24 de mayo con otro chofer de la ruta comercial mexicana.<\/p>\n\n\n\n<p><\/p>\n\n\n\n<p><\/p>\n","protected":false},"excerpt":{"rendered":"<p>Por aparentes causas naturales el conductor de un autob\u00fas del servicio urbano perdi\u00f3 la vida a las afueras del domicilio de su patr\u00f3n en calles de la colonia El Campanario ubicada en la zona norte de la ciudad. Una llamada al n\u00famero de emergencias 911 por parte de sus compa\u00f1eros fue la que alert\u00f3 a [&hellip;]<\/p>\n","protected":false},"author":8,"featured_media":150976,"comment_status":"open","ping_status":"open","sticky":false,"template":"","format":"standard","meta":{"_monsterinsights_skip_tracking":false,"_monsterinsights_sitenote_active":false,"_monsterinsights_sitenote_note":"","_monsterinsights_sitenote_category":0,"footnotes":""},"categories":[154],"tags":[30174,8674,751,25770,162],"class_list":["post-150975","post","type-post","status-publish","format-standard","has-post-thumbnail","hentry","category-veracruz","tag-camion-urbano","tag-chofer","tag-fallecimiento","tag-golpe-de-calor","tag-portada","wp-image-borders"],"amp_enabled":true,"_links":{"self":[{"href":"https:\/\/nvnoticias.mx\/index.php\/wp-json\/wp\/v2\/posts\/150975","targetHints":{"allow":["GET"]}}],"collection":[{"href":"https:\/\/nvnoticias.mx\/index.php\/wp-json\/wp\/v2\/posts"}],"about":[{"href":"https:\/\/nvnoticias.mx\/index.php\/wp-json\/wp\/v2\/types\/post"}],"author":[{"embeddable":true,"href":"https:\/\/nvnoticias.mx\/index.php\/wp-json\/wp\/v2\/users\/8"}],"replies":[{"embeddable":true,"href":"https:\/\/nvnoticias.mx\/index.php\/wp-json\/wp\/v2\/comments?post=150975"}],"version-history":[{"count":1,"href":"https:\/\/nvnoticias.mx\/index.php\/wp-json\/wp\/v2\/posts\/150975\/revisions"}],"predecessor-version":[{"id":150977,"href":"https:\/\/nvnoticias.mx\/index.php\/wp-json\/wp\/v2\/posts\/150975\/revisions\/150977"}],"wp:featuredmedia":[{"embeddable":true,"href":"https:\/\/nvnoticias.mx\/index.php\/wp-json\/wp\/v2\/media\/150976"}],"wp:attachment":[{"href":"https:\/\/nvnoticias.mx\/index.php\/wp-json\/wp\/v2\/media?parent=150975"}],"wp:term":[{"taxonomy":"category","embeddable":true,"href":"https:\/\/nvnoticias.mx\/index.php\/wp-json\/wp\/v2\/categories?post=150975"},{"taxonomy":"post_tag","embeddable":true,"href":"https:\/\/nvnoticias.mx\/index.php\/wp-json\/wp\/v2\/tags?post=150975"}],"curies":[{"name":"wp","href":"https:\/\/api.w.org\/{rel}","templated":true}]}}