{"id":150884,"date":"2024-06-03T10:36:21","date_gmt":"2024-06-03T16:36:21","guid":{"rendered":"https:\/\/nvnoticias.mx\/?p=150884"},"modified":"2024-06-03T10:36:23","modified_gmt":"2024-06-03T16:36:23","slug":"joe-biden-felicita-a-claudia-sheinbaum-por-su-triunfo","status":"publish","type":"post","link":"https:\/\/nvnoticias.mx\/index.php\/2024\/06\/03\/joe-biden-felicita-a-claudia-sheinbaum-por-su-triunfo\/","title":{"rendered":"Joe Biden felicita a Claudia Sheinbaum por su triunfo"},"content":{"rendered":"\n<p>El presidente de Estados Unidos, Joe Biden, felicit\u00f3 este lunes a Claudia Sheinbaum tras su triunfo en las elecciones presidenciales del domingo en M\u00e9xico. Abog\u00f3, a la vez, por un trabajo &#8220;estrecho&#8221; entre ambos pa\u00edses.<\/p>\n\n\n\n<blockquote class=\"wp-block-quote is-layout-flow wp-block-quote-is-layout-flow\">\n<p>&#8220;Felicito a Claudia Sheinbaum por su hist\u00f3rica elecci\u00f3n como la primera mujer Presidenta de M\u00e9xico&#8221;, dijo Biden en una declaraci\u00f3n difundida por la Casa Blanca.<\/p>\n<\/blockquote>\n\n\n\n<blockquote class=\"wp-block-quote is-layout-flow wp-block-quote-is-layout-flow\">\n<p>&#8220;Espero trabajar estrechamente con la Presidenta electa Sheinbaum en el esp\u00edritu de colaboraci\u00f3n y amistad que refleja los lazos duraderos entre nuestros dos pa\u00edses&#8221;.<\/p>\n<\/blockquote>\n\n\n\n<p>El mandatario estadounidense, que ya desde hace tiempo destac\u00f3 la posibilidad de que M\u00e9xico tuviera por primera vez una mujer como presidenta, antes incluso que Estados Unidos, dijo que &#8220;expres\u00e9 nuestro compromiso de promover los valores e intereses de nuestras dos naciones en beneficio de nuestros pueblos&#8221;.<\/p>\n\n\n\n<p>A la vez, felicit\u00f3 &#8220;al pueblo mexicano por llevar a cabo un exitoso proceso electoral democr\u00e1tico en todo el pa\u00eds, que incluy\u00f3 elecciones para m\u00e1s de 20 mil cargos a nivel local, estatal y federal&#8221;.<\/p>\n\n\n\n<p>Fuente: El <a href=\"https:\/\/www.eluniversal.com.mx\/mundo\/joe-biden-felicita-a-claudia-sheinbaum-por-su-triunfo-llama-a-trabajar-estrechamente\/\" data-type=\"link\" data-id=\"https:\/\/www.eluniversal.com.mx\/mundo\/joe-biden-felicita-a-claudia-sheinbaum-por-su-triunfo-llama-a-trabajar-estrechamente\/\">Universal<\/a><br><\/p>\n","protected":false},"excerpt":{"rendered":"<p>El presidente de Estados Unidos, Joe Biden, felicit\u00f3 este lunes a Claudia Sheinbaum tras su triunfo en las elecciones presidenciales del domingo en M\u00e9xico. Abog\u00f3, a la vez, por un trabajo &#8220;estrecho&#8221; entre ambos pa\u00edses. &#8220;Felicito a Claudia Sheinbaum por su hist\u00f3rica elecci\u00f3n como la primera mujer Presidenta de M\u00e9xico&#8221;, dijo Biden en una declaraci\u00f3n [&hellip;]<\/p>\n","protected":false},"author":35,"featured_media":150886,"comment_status":"open","ping_status":"open","sticky":false,"template":"","format":"standard","meta":{"_monsterinsights_skip_tracking":false,"_monsterinsights_sitenote_active":false,"_monsterinsights_sitenote_note":"","_monsterinsights_sitenote_category":0,"footnotes":""},"categories":[181],"tags":[2801,182,162],"class_list":["post-150884","post","type-post","status-publish","format-standard","has-post-thumbnail","hentry","category-internacional","tag-claudia-sheinbaum","tag-joe-biden","tag-portada","wp-image-borders"],"amp_enabled":true,"_links":{"self":[{"href":"https:\/\/nvnoticias.mx\/index.php\/wp-json\/wp\/v2\/posts\/150884","targetHints":{"allow":["GET"]}}],"collection":[{"href":"https:\/\/nvnoticias.mx\/index.php\/wp-json\/wp\/v2\/posts"}],"about":[{"href":"https:\/\/nvnoticias.mx\/index.php\/wp-json\/wp\/v2\/types\/post"}],"author":[{"embeddable":true,"href":"https:\/\/nvnoticias.mx\/index.php\/wp-json\/wp\/v2\/users\/35"}],"replies":[{"embeddable":true,"href":"https:\/\/nvnoticias.mx\/index.php\/wp-json\/wp\/v2\/comments?post=150884"}],"version-history":[{"count":1,"href":"https:\/\/nvnoticias.mx\/index.php\/wp-json\/wp\/v2\/posts\/150884\/revisions"}],"predecessor-version":[{"id":150885,"href":"https:\/\/nvnoticias.mx\/index.php\/wp-json\/wp\/v2\/posts\/150884\/revisions\/150885"}],"wp:featuredmedia":[{"embeddable":true,"href":"https:\/\/nvnoticias.mx\/index.php\/wp-json\/wp\/v2\/media\/150886"}],"wp:attachment":[{"href":"https:\/\/nvnoticias.mx\/index.php\/wp-json\/wp\/v2\/media?parent=150884"}],"wp:term":[{"taxonomy":"category","embeddable":true,"href":"https:\/\/nvnoticias.mx\/index.php\/wp-json\/wp\/v2\/categories?post=150884"},{"taxonomy":"post_tag","embeddable":true,"href":"https:\/\/nvnoticias.mx\/index.php\/wp-json\/wp\/v2\/tags?post=150884"}],"curies":[{"name":"wp","href":"https:\/\/api.w.org\/{rel}","templated":true}]}}