{"id":150868,"date":"2024-06-03T09:43:30","date_gmt":"2024-06-03T15:43:30","guid":{"rendered":"https:\/\/nvnoticias.mx\/?p=150868"},"modified":"2024-06-03T09:43:32","modified_gmt":"2024-06-03T15:43:32","slug":"felicitan-union-europea-rusia-espana-y-canada-a-sheinbaum-por-su-triunfo-en-mexico","status":"publish","type":"post","link":"https:\/\/nvnoticias.mx\/index.php\/2024\/06\/03\/felicitan-union-europea-rusia-espana-y-canada-a-sheinbaum-por-su-triunfo-en-mexico\/","title":{"rendered":"Felicitan Uni\u00f3n Europea, Rusia, Espa\u00f1a y Canad\u00e1 a Sheinbaum por su triunfo en M\u00e9xico"},"content":{"rendered":"\n<p>Este 2 de junio, Claudia Sheinbaum se convirti\u00f3 en la primera mujer presidenta de M\u00e9xico, lo que ha generado que la mirada internacional est\u00e9 sobre ella y el pa\u00eds.<\/p>\n\n\n\n<p>Con una alta ventaja del 58.7% de acuerdo con el conteo r\u00e1pido del INE, Sheinbaum hace historia y se une a la lista de mujeres jefas de Estado y de gobierno en el mundo.<\/p>\n\n\n\n<p>La comunidad internacional ha expresado sus felicitaciones ante el triunfo de la candidata oficialista, abriendo la puerta para fomentar relaciones bilaterales.<\/p>\n\n\n\n<p>La presidenta de la Comisi\u00f3n Europea, Ursula von der Leyen, felicit\u00f3 a Sheinbaum por su logr\u00f3 y manifest\u00f3 su deseo de reforzar las relaciones entre M\u00e9xico y la UE.<\/p>\n\n\n\n<p>Por su parte, el presidente de Espa\u00f1a, Pedro S\u00e1nchez aprovech\u00f3 para destacar que por primera vez en su historia, M\u00e9xico tendr\u00e1 a una mujer como presidenta. y expres\u00f3 su compromiso para seguir trabajando en las relaciones de ambos pa\u00edses.<\/p>\n\n\n\n<p>En tanto, el gobierno de Alemania manifest\u00f3 su deseo de continuar con la buena relaci\u00f3n entre ambos pa\u00edses.<\/p>\n\n\n\n<blockquote class=\"wp-block-quote is-layout-flow wp-block-quote-is-layout-flow\">\n<p>&#8220;Vamos a querer trabajar con mucho gusto y de forma estrecha con el pr\u00f3ximo Gobierno&#8221;, manifest\u00f3 el portavoz en la primera reacci\u00f3n del Ejecutivo germano a la victoria de Sheinbaum.<\/p>\n<\/blockquote>\n\n\n\n<p>Asimismo, el viceministro de Exteriores ruso, Sergu\u00e9i Riabkov felicit\u00f3 a la presidenta electa por su &#8220;impresionante victoria&#8221; y agreg\u00f3 que espera que ambas naciones sigan cooperando. &#8220;Esperamos que bajo el nuevo liderazgo en M\u00e9xico nuestras relaciones reciban un mayor desarrollo, un nuevo impulso&#8221;.<\/p>\n\n\n\n<p>Hadja Lahbib, ministra belga de Exteriores celebr\u00f3 que M\u00e9xico haya elegido a su primera mujer presidenta.<\/p>\n\n\n\n<blockquote class=\"wp-block-quote is-layout-flow wp-block-quote-is-layout-flow\">\n<p>&#8220;Por hacer historia como la primera mujer presidenta de M\u00e9xico&#8221; (&#8230;) Su elecci\u00f3n marca un hito importante para el pa\u00eds e inspira a las generaciones venideras. \u00a1Le deseo lo mejor!&#8221;, a\u00f1adi\u00f3.<\/p>\n<\/blockquote>\n\n\n\n<p>Fuente: El <a href=\"https:\/\/www.eluniversal.com.mx\/mundo\/union-europea-rusia-espana-y-canada-felicitan-a-sheinbaum-por-su-triunfo-en-mexico\/\" data-type=\"link\" data-id=\"https:\/\/www.eluniversal.com.mx\/mundo\/union-europea-rusia-espana-y-canada-felicitan-a-sheinbaum-por-su-triunfo-en-mexico\/\">Universal<\/a><\/p>\n\n\n\n<p><br><\/p>\n","protected":false},"excerpt":{"rendered":"<p>Este 2 de junio, Claudia Sheinbaum se convirti\u00f3 en la primera mujer presidenta de M\u00e9xico, lo que ha generado que la mirada internacional est\u00e9 sobre ella y el pa\u00eds. Con una alta ventaja del 58.7% de acuerdo con el conteo r\u00e1pido del INE, Sheinbaum hace historia y se une a la lista de mujeres jefas [&hellip;]<\/p>\n","protected":false},"author":35,"featured_media":150870,"comment_status":"open","ping_status":"open","sticky":false,"template":"","format":"standard","meta":{"_monsterinsights_skip_tracking":false,"_monsterinsights_sitenote_active":false,"_monsterinsights_sitenote_note":"","_monsterinsights_sitenote_category":0,"footnotes":""},"categories":[181],"tags":[4449,887,2801,593,537,2670],"class_list":["post-150868","post","type-post","status-publish","format-standard","has-post-thumbnail","hentry","category-internacional","tag-alemania","tag-canada-2","tag-claudia-sheinbaum","tag-espana","tag-rusia","tag-union-europea","wp-image-borders"],"amp_enabled":true,"_links":{"self":[{"href":"https:\/\/nvnoticias.mx\/index.php\/wp-json\/wp\/v2\/posts\/150868","targetHints":{"allow":["GET"]}}],"collection":[{"href":"https:\/\/nvnoticias.mx\/index.php\/wp-json\/wp\/v2\/posts"}],"about":[{"href":"https:\/\/nvnoticias.mx\/index.php\/wp-json\/wp\/v2\/types\/post"}],"author":[{"embeddable":true,"href":"https:\/\/nvnoticias.mx\/index.php\/wp-json\/wp\/v2\/users\/35"}],"replies":[{"embeddable":true,"href":"https:\/\/nvnoticias.mx\/index.php\/wp-json\/wp\/v2\/comments?post=150868"}],"version-history":[{"count":2,"href":"https:\/\/nvnoticias.mx\/index.php\/wp-json\/wp\/v2\/posts\/150868\/revisions"}],"predecessor-version":[{"id":150871,"href":"https:\/\/nvnoticias.mx\/index.php\/wp-json\/wp\/v2\/posts\/150868\/revisions\/150871"}],"wp:featuredmedia":[{"embeddable":true,"href":"https:\/\/nvnoticias.mx\/index.php\/wp-json\/wp\/v2\/media\/150870"}],"wp:attachment":[{"href":"https:\/\/nvnoticias.mx\/index.php\/wp-json\/wp\/v2\/media?parent=150868"}],"wp:term":[{"taxonomy":"category","embeddable":true,"href":"https:\/\/nvnoticias.mx\/index.php\/wp-json\/wp\/v2\/categories?post=150868"},{"taxonomy":"post_tag","embeddable":true,"href":"https:\/\/nvnoticias.mx\/index.php\/wp-json\/wp\/v2\/tags?post=150868"}],"curies":[{"name":"wp","href":"https:\/\/api.w.org\/{rel}","templated":true}]}}