{"id":150837,"date":"2024-06-02T20:17:33","date_gmt":"2024-06-03T02:17:33","guid":{"rendered":"https:\/\/nvnoticias.mx\/?p=150837"},"modified":"2024-06-02T20:17:35","modified_gmt":"2024-06-03T02:17:35","slug":"extravian-credencial-de-ciudadano-en-casilla-de-medellin","status":"publish","type":"post","link":"https:\/\/nvnoticias.mx\/index.php\/2024\/06\/02\/extravian-credencial-de-ciudadano-en-casilla-de-medellin\/","title":{"rendered":"Extrav\u00edan credencial de ciudadano en casilla de Medell\u00edn"},"content":{"rendered":"\n<p><strong>Miguel Cabrera \/ NV Noticias<\/strong><\/p>\n\n\n\n<p>Funcionarios de la casilla secci\u00f3n 4850, ubicada en el fraccionamiento Puente Moreno, en Medell\u00edn de Bravo, extraviaron la credencial de elector de uno de los ciudadanos que acudieron a votar este domingo.<\/p>\n\n\n\n<p>El se\u00f1or Esteban Zamudio Ochoa denunci\u00f3 que los funcionarios entregaron su credencial a otra persona, mientras el se encontraba emitiendo su voto en la casilla.<\/p>\n\n\n\n<p>Detall\u00f3 que los funcionarios le entregaron la credencial de otra persona, y fue ah\u00ed cuando se dio cuenta que la suya ya no estaba.<\/p>\n\n\n\n<p>Los funcionarios no afirman haberle entregado su credencial a otra persona, por lo que le recomendaron buscar al ciudadano que se llev\u00f3 su identificaci\u00f3n oficial.<\/p>\n\n\n\n<p>&#8220;Me dieron la direcci\u00f3n del se\u00f1or y que yo vaya a buscarlo, a ver si el tiene la m\u00eda (INE). Ojal\u00e1 que la tenga el&#8221;.<\/p>\n\n\n\n<p>Explic\u00f3 que fue de los primeros en ingresar a la casilla, por lo que desde temprano se mantiene en busca de su identificaci\u00f3n.<\/p>\n\n\n\n<p>En la casilla hab\u00eda una credencial, pero no era la del ciudadano afectado, mismo que se dirigi\u00f3 a la direcci\u00f3n que le proporcionaron los funcionarios.<\/p>\n\n\n\n<p>En el municipio de Medell\u00edn de Bravo no se registraron mayores incidentes durante la jornada electoral, misma que inici\u00f3 posterior a las 8:00 de la ma\u00f1ana.<\/p>\n","protected":false},"excerpt":{"rendered":"<p>Miguel Cabrera \/ NV Noticias Funcionarios de la casilla secci\u00f3n 4850, ubicada en el fraccionamiento Puente Moreno, en Medell\u00edn de Bravo, extraviaron la credencial de elector de uno de los ciudadanos que acudieron a votar este domingo. El se\u00f1or Esteban Zamudio Ochoa denunci\u00f3 que los funcionarios entregaron su credencial a otra persona, mientras el se [&hellip;]<\/p>\n","protected":false},"author":35,"featured_media":150838,"comment_status":"open","ping_status":"open","sticky":false,"template":"","format":"standard","meta":{"_monsterinsights_skip_tracking":false,"_monsterinsights_sitenote_active":false,"_monsterinsights_sitenote_note":"","_monsterinsights_sitenote_category":0,"footnotes":""},"categories":[154],"tags":[836,30162],"class_list":["post-150837","post","type-post","status-publish","format-standard","has-post-thumbnail","hentry","category-veracruz","tag-credencial","tag-extravian","wp-image-borders"],"amp_enabled":true,"_links":{"self":[{"href":"https:\/\/nvnoticias.mx\/index.php\/wp-json\/wp\/v2\/posts\/150837","targetHints":{"allow":["GET"]}}],"collection":[{"href":"https:\/\/nvnoticias.mx\/index.php\/wp-json\/wp\/v2\/posts"}],"about":[{"href":"https:\/\/nvnoticias.mx\/index.php\/wp-json\/wp\/v2\/types\/post"}],"author":[{"embeddable":true,"href":"https:\/\/nvnoticias.mx\/index.php\/wp-json\/wp\/v2\/users\/35"}],"replies":[{"embeddable":true,"href":"https:\/\/nvnoticias.mx\/index.php\/wp-json\/wp\/v2\/comments?post=150837"}],"version-history":[{"count":1,"href":"https:\/\/nvnoticias.mx\/index.php\/wp-json\/wp\/v2\/posts\/150837\/revisions"}],"predecessor-version":[{"id":150839,"href":"https:\/\/nvnoticias.mx\/index.php\/wp-json\/wp\/v2\/posts\/150837\/revisions\/150839"}],"wp:featuredmedia":[{"embeddable":true,"href":"https:\/\/nvnoticias.mx\/index.php\/wp-json\/wp\/v2\/media\/150838"}],"wp:attachment":[{"href":"https:\/\/nvnoticias.mx\/index.php\/wp-json\/wp\/v2\/media?parent=150837"}],"wp:term":[{"taxonomy":"category","embeddable":true,"href":"https:\/\/nvnoticias.mx\/index.php\/wp-json\/wp\/v2\/categories?post=150837"},{"taxonomy":"post_tag","embeddable":true,"href":"https:\/\/nvnoticias.mx\/index.php\/wp-json\/wp\/v2\/tags?post=150837"}],"curies":[{"name":"wp","href":"https:\/\/api.w.org\/{rel}","templated":true}]}}