{"id":150810,"date":"2024-06-02T17:14:12","date_gmt":"2024-06-02T23:14:12","guid":{"rendered":"https:\/\/nvnoticias.mx\/?p=150810"},"modified":"2024-06-02T17:14:13","modified_gmt":"2024-06-02T23:14:13","slug":"confeso-selena-gomez-que-estuvo-a-punto-de-adoptar-a-un-bebe","status":"publish","type":"post","link":"https:\/\/nvnoticias.mx\/index.php\/2024\/06\/02\/confeso-selena-gomez-que-estuvo-a-punto-de-adoptar-a-un-bebe\/","title":{"rendered":"Confes\u00f3 Selena Gomez que estuvo a punto de adoptar a un beb\u00e9"},"content":{"rendered":"\n<p>La actriz y cantante Selena Gomez revel\u00f3 en una entrevista con la revista TIME que, antes de iniciar su relaci\u00f3n sentimental con el productor musical Benny Blanco, ten\u00eda planes de adoptar un beb\u00e9 a los 35 a\u00f1os si no encontraba pareja.<\/p>\n\n\n\n<p>La estrella de 31 a\u00f1os expres\u00f3 que estuvo soltera durante cinco a\u00f1os y se acostumbr\u00f3 a esa situaci\u00f3n, aunque admiti\u00f3 haber \u201ctorturado\u201d su mente durante dos a\u00f1os por estar sola. Cabe recordar que, antes de esa etapa de solter\u00eda, sali\u00f3 con figuras como The Weeknd, Charlie Puth y Justin Bieber; siendo este \u00faltimo la relaci\u00f3n m\u00e1s larga de su vida.<\/p>\n\n\n\n<p>Eventualmente, Gomez acept\u00f3 el hecho de estar sin pareja y decidi\u00f3 adoptar a los 35 si no conoc\u00eda a alguien para comenzar un compromiso. Sin embargo, su amistad con Blanco, de 36 a\u00f1os, deriv\u00f3 en un romance inesperado. \u201cSimplemente sucede cuando menos lo esperas\u201d, coment\u00f3 la actriz de la serie Only Murders in the Building.<\/p>\n\n\n\n<p>A pesar de su nueva relaci\u00f3n, la artista estadounidense expres\u00f3 preocupaci\u00f3n por el escrutinio p\u00fablico y las cr\u00edticas hirientes que recibe, incluso de sus propios fans en las redes sociales. \u201cS\u00e9 lo que la gente puede hacerle a las personas que amo. Mis propios fans, a quienes adoro y siento que han moldeado qui\u00e9n soy, me dir\u00e1n las cosas m\u00e1s hirientes sobre c\u00f3mo vivo mi vida\u201d, declar\u00f3.<\/p>\n\n\n\n<p>No obstante, elogi\u00f3 la fortaleza de Blanco para ignorar esas cr\u00edticas negativas. \u201cEs realmente impresionante, y atesoro cada momento con \u00e9l. No s\u00e9 qu\u00e9 depara el futuro, pero s\u00e9 que no se ir\u00e1 a ninguna parte pronto\u201d, afirm\u00f3.<\/p>\n","protected":false},"excerpt":{"rendered":"<p>La actriz y cantante Selena Gomez revel\u00f3 en una entrevista con la revista TIME que, antes de iniciar su relaci\u00f3n sentimental con el productor musical Benny Blanco, ten\u00eda planes de adoptar un beb\u00e9 a los 35 a\u00f1os si no encontraba pareja. La estrella de 31 a\u00f1os expres\u00f3 que estuvo soltera durante cinco a\u00f1os y se [&hellip;]<\/p>\n","protected":false},"author":35,"featured_media":150812,"comment_status":"open","ping_status":"open","sticky":false,"template":"","format":"standard","meta":{"_monsterinsights_skip_tracking":false,"_monsterinsights_sitenote_active":false,"_monsterinsights_sitenote_note":"","_monsterinsights_sitenote_category":0,"footnotes":""},"categories":[576],"tags":[126],"class_list":["post-150810","post","type-post","status-publish","format-standard","has-post-thumbnail","hentry","category-ocio","tag-selena-gomez","wp-image-borders"],"amp_enabled":true,"_links":{"self":[{"href":"https:\/\/nvnoticias.mx\/index.php\/wp-json\/wp\/v2\/posts\/150810","targetHints":{"allow":["GET"]}}],"collection":[{"href":"https:\/\/nvnoticias.mx\/index.php\/wp-json\/wp\/v2\/posts"}],"about":[{"href":"https:\/\/nvnoticias.mx\/index.php\/wp-json\/wp\/v2\/types\/post"}],"author":[{"embeddable":true,"href":"https:\/\/nvnoticias.mx\/index.php\/wp-json\/wp\/v2\/users\/35"}],"replies":[{"embeddable":true,"href":"https:\/\/nvnoticias.mx\/index.php\/wp-json\/wp\/v2\/comments?post=150810"}],"version-history":[{"count":1,"href":"https:\/\/nvnoticias.mx\/index.php\/wp-json\/wp\/v2\/posts\/150810\/revisions"}],"predecessor-version":[{"id":150811,"href":"https:\/\/nvnoticias.mx\/index.php\/wp-json\/wp\/v2\/posts\/150810\/revisions\/150811"}],"wp:featuredmedia":[{"embeddable":true,"href":"https:\/\/nvnoticias.mx\/index.php\/wp-json\/wp\/v2\/media\/150812"}],"wp:attachment":[{"href":"https:\/\/nvnoticias.mx\/index.php\/wp-json\/wp\/v2\/media?parent=150810"}],"wp:term":[{"taxonomy":"category","embeddable":true,"href":"https:\/\/nvnoticias.mx\/index.php\/wp-json\/wp\/v2\/categories?post=150810"},{"taxonomy":"post_tag","embeddable":true,"href":"https:\/\/nvnoticias.mx\/index.php\/wp-json\/wp\/v2\/tags?post=150810"}],"curies":[{"name":"wp","href":"https:\/\/api.w.org\/{rel}","templated":true}]}}