{"id":150756,"date":"2024-06-02T11:32:16","date_gmt":"2024-06-02T17:32:16","guid":{"rendered":"https:\/\/nvnoticias.mx\/?p=150756"},"modified":"2024-06-02T11:32:17","modified_gmt":"2024-06-02T17:32:17","slug":"mexicanos-salen-a-votar-en-el-mundo","status":"publish","type":"post","link":"https:\/\/nvnoticias.mx\/index.php\/2024\/06\/02\/mexicanos-salen-a-votar-en-el-mundo\/","title":{"rendered":"Mexicanos salen a votar en el mundo"},"content":{"rendered":"\n<p>Enormes filas de mexicanos esperaban votar hoy en diversas ciudades del mundo: de Washington DC, a Madrid, pasando por Par\u00eds, la gente se form\u00f3 desde la madrugada para alcanzar a votar en las urnas instaladas en embajadas y consulados. Otros se adelantaron y votaron por correo electr\u00f3nico.<\/p>\n\n\n\n<p>En la embajada de M\u00e9xico en Madrid, cientos de mexicanos acudieron a votar en las elecciones federales que hoy enfrentan a la progresista Claudia Sheinbaum, del partido gubernamental Morena, y a la conservadora X\u00f3chitl G\u00e1lvez, que representa a una alianza de partidos.<\/p>\n\n\n\n<p>Los comicios, de los que se espera que salga la primera presidenta de la historia de la Rep\u00fablica, han generado un enorme inter\u00e9s en la comunidad mexicana en Espa\u00f1a, que supera las 29 mil personas, seg\u00fan el Instituto Nacional de Estad\u00edstica espa\u00f1ol.<\/p>\n\n\n\n<p>Entre quienes se acercaron a votar est\u00e1 Mar\u00eda de Lourdes Garc\u00eda, que se encuentra de visita en el pa\u00eds, pero que hizo tiempo para introducir su boleta y que conf\u00eda en que se construya \u201cun M\u00e9xico libre y soberano\u201d.<\/p>\n\n\n\n<p>Otros como Rafael Vel\u00e1zquez, residente en Espa\u00f1a desde hace siete a\u00f1os, creen que M\u00e9xico atraviesa \u201cuna situaci\u00f3n muy cr\u00edtica\u201d como consecuencia de la inseguridad y la carest\u00eda de vida en \u00e1mbitos como la salud o la educaci\u00f3n.<\/p>\n\n\n\n<p>En la misma l\u00ednea se expres\u00f3 Sof\u00eda, una estudiante afincada en Madrid quien indic\u00f3 que M\u00e9xico est\u00e1 en \u201cun momento cr\u00edtico, donde tenemos que hacer notar nuestra democracia\u201d.<\/p>\n\n\n\n<p>Fuente: <a href=\"https:\/\/www.eluniversal.com.mx\/mundo\/mexicanos-salen-a-votar-en-el-mundo-filas-en-madrid-paris-y-ciudades-de-eu\/\" data-type=\"link\" data-id=\"https:\/\/www.eluniversal.com.mx\/mundo\/mexicanos-salen-a-votar-en-el-mundo-filas-en-madrid-paris-y-ciudades-de-eu\/\">El Universal<\/a><\/p>\n\n\n\n<p><br><\/p>\n","protected":false},"excerpt":{"rendered":"<p>Enormes filas de mexicanos esperaban votar hoy en diversas ciudades del mundo: de Washington DC, a Madrid, pasando por Par\u00eds, la gente se form\u00f3 desde la madrugada para alcanzar a votar en las urnas instaladas en embajadas y consulados. Otros se adelantaron y votaron por correo electr\u00f3nico. En la embajada de M\u00e9xico en Madrid, cientos [&hellip;]<\/p>\n","protected":false},"author":35,"featured_media":150758,"comment_status":"open","ping_status":"open","sticky":false,"template":"","format":"standard","meta":{"_monsterinsights_skip_tracking":false,"_monsterinsights_sitenote_active":false,"_monsterinsights_sitenote_note":"","_monsterinsights_sitenote_category":0,"footnotes":""},"categories":[181],"tags":[257,27364,4248],"class_list":["post-150756","post","type-post","status-publish","format-standard","has-post-thumbnail","hentry","category-internacional","tag-mexicanos","tag-salen","tag-votar","wp-image-borders"],"amp_enabled":true,"_links":{"self":[{"href":"https:\/\/nvnoticias.mx\/index.php\/wp-json\/wp\/v2\/posts\/150756","targetHints":{"allow":["GET"]}}],"collection":[{"href":"https:\/\/nvnoticias.mx\/index.php\/wp-json\/wp\/v2\/posts"}],"about":[{"href":"https:\/\/nvnoticias.mx\/index.php\/wp-json\/wp\/v2\/types\/post"}],"author":[{"embeddable":true,"href":"https:\/\/nvnoticias.mx\/index.php\/wp-json\/wp\/v2\/users\/35"}],"replies":[{"embeddable":true,"href":"https:\/\/nvnoticias.mx\/index.php\/wp-json\/wp\/v2\/comments?post=150756"}],"version-history":[{"count":2,"href":"https:\/\/nvnoticias.mx\/index.php\/wp-json\/wp\/v2\/posts\/150756\/revisions"}],"predecessor-version":[{"id":150759,"href":"https:\/\/nvnoticias.mx\/index.php\/wp-json\/wp\/v2\/posts\/150756\/revisions\/150759"}],"wp:featuredmedia":[{"embeddable":true,"href":"https:\/\/nvnoticias.mx\/index.php\/wp-json\/wp\/v2\/media\/150758"}],"wp:attachment":[{"href":"https:\/\/nvnoticias.mx\/index.php\/wp-json\/wp\/v2\/media?parent=150756"}],"wp:term":[{"taxonomy":"category","embeddable":true,"href":"https:\/\/nvnoticias.mx\/index.php\/wp-json\/wp\/v2\/categories?post=150756"},{"taxonomy":"post_tag","embeddable":true,"href":"https:\/\/nvnoticias.mx\/index.php\/wp-json\/wp\/v2\/tags?post=150756"}],"curies":[{"name":"wp","href":"https:\/\/api.w.org\/{rel}","templated":true}]}}