{"id":150736,"date":"2024-06-02T09:23:53","date_gmt":"2024-06-02T15:23:53","guid":{"rendered":"https:\/\/nvnoticias.mx\/?p=150736"},"modified":"2024-06-02T09:23:55","modified_gmt":"2024-06-02T15:23:55","slug":"emite-ine-medidas-cautelares-contra-fox-por-violar-veda","status":"publish","type":"post","link":"https:\/\/nvnoticias.mx\/index.php\/2024\/06\/02\/emite-ine-medidas-cautelares-contra-fox-por-violar-veda\/","title":{"rendered":"Emite INE medidas cautelares contra Fox por violar veda"},"content":{"rendered":"\n<p>La Comisi\u00f3n de Quejas y Denuncias emiti\u00f3 medidas cautelares, y una orden de tutela preventiva, en contra del ex presidente de M\u00e9xico, Vicente Fox, por una nueva publicaci\u00f3n en su cuenta de X que viola el periodo de veda electoral.<\/p>\n\n\n\n<p>Al atender una denuncia de Morena contra el exmandatario panista, la consejera Claudia Zavala, presidenta de la Comisi\u00f3n, consider\u00f3 que era procedente la medida cautelar para el retiro de la publicaci\u00f3n, sino tambi\u00e9n para evitar que contin\u00fae violando la veda, pues el viernes ya se le hab\u00eda ordenado bajar seis publicaciones.<\/p>\n\n\n\n<blockquote class=\"wp-block-quote is-layout-flow wp-block-quote-is-layout-flow\">\n<p>\u201cHoy estamos con otro contenido que tambi\u00e9n se considera que cae dentro de una posible infracci\u00f3n frente a las prohibiciones estipuladas para este tiempo denominado \u2018veda electoral\u2019; de esa manera, me parece que al ser este tiempo, que dura exclusivamente tres d\u00edas previos a la jornada electoral y la jornada electoral, tiene, y as\u00ed tambi\u00e9n ha sido criterio del Tribunal Electoral, tiene que revisarse con un escrutinio m\u00e1s estricto y tomarse las medidas con una mayor firmeza y sentido estricto, porque finalmente, lo que s\u00ed tenemos constatado es que, por lo menos en estas ocasiones que hemos revisado, se ha colocado, en este breve tiempo de veda electoral, informaci\u00f3n que posiblemente infringe las prohibiciones establecidas\u201d, dijo Zavala.<\/p>\n<\/blockquote>\n\n\n\n<p><br>Record\u00f3 que ayer se resolvi\u00f3 un tema similar y se advirti\u00f3 \u201cque no es un momento de posiciones a favor o en contra de fuerzas pol\u00edticas o de candidaturas, ni de informaci\u00f3n, sobre todo de personas con esta relevancia p\u00fablica\u201d.<\/p>\n\n\n\n<p>Fuente: <a href=\"https:\/\/www.milenio.com\/politica\/elecciones\/ine-emite-medidas-cautelares-contra-alvarez-maynez-y-vicente-fox\" data-type=\"link\" data-id=\"https:\/\/www.milenio.com\/politica\/elecciones\/ine-emite-medidas-cautelares-contra-alvarez-maynez-y-vicente-fox\">Milenio<\/a><br><br><\/p>\n","protected":false},"excerpt":{"rendered":"<p>La Comisi\u00f3n de Quejas y Denuncias emiti\u00f3 medidas cautelares, y una orden de tutela preventiva, en contra del ex presidente de M\u00e9xico, Vicente Fox, por una nueva publicaci\u00f3n en su cuenta de X que viola el periodo de veda electoral. Al atender una denuncia de Morena contra el exmandatario panista, la consejera Claudia Zavala, presidenta [&hellip;]<\/p>\n","protected":false},"author":35,"featured_media":32120,"comment_status":"open","ping_status":"open","sticky":false,"template":"","format":"standard","meta":{"_monsterinsights_skip_tracking":false,"_monsterinsights_sitenote_active":false,"_monsterinsights_sitenote_note":"","_monsterinsights_sitenote_category":0,"footnotes":""},"categories":[158],"tags":[443,517,2130],"class_list":["post-150736","post","type-post","status-publish","format-standard","has-post-thumbnail","hentry","category-politica","tag-ine","tag-veda-electoral","tag-vicente-fox","wp-image-borders"],"amp_enabled":true,"_links":{"self":[{"href":"https:\/\/nvnoticias.mx\/index.php\/wp-json\/wp\/v2\/posts\/150736","targetHints":{"allow":["GET"]}}],"collection":[{"href":"https:\/\/nvnoticias.mx\/index.php\/wp-json\/wp\/v2\/posts"}],"about":[{"href":"https:\/\/nvnoticias.mx\/index.php\/wp-json\/wp\/v2\/types\/post"}],"author":[{"embeddable":true,"href":"https:\/\/nvnoticias.mx\/index.php\/wp-json\/wp\/v2\/users\/35"}],"replies":[{"embeddable":true,"href":"https:\/\/nvnoticias.mx\/index.php\/wp-json\/wp\/v2\/comments?post=150736"}],"version-history":[{"count":1,"href":"https:\/\/nvnoticias.mx\/index.php\/wp-json\/wp\/v2\/posts\/150736\/revisions"}],"predecessor-version":[{"id":150737,"href":"https:\/\/nvnoticias.mx\/index.php\/wp-json\/wp\/v2\/posts\/150736\/revisions\/150737"}],"wp:featuredmedia":[{"embeddable":true,"href":"https:\/\/nvnoticias.mx\/index.php\/wp-json\/wp\/v2\/media\/32120"}],"wp:attachment":[{"href":"https:\/\/nvnoticias.mx\/index.php\/wp-json\/wp\/v2\/media?parent=150736"}],"wp:term":[{"taxonomy":"category","embeddable":true,"href":"https:\/\/nvnoticias.mx\/index.php\/wp-json\/wp\/v2\/categories?post=150736"},{"taxonomy":"post_tag","embeddable":true,"href":"https:\/\/nvnoticias.mx\/index.php\/wp-json\/wp\/v2\/tags?post=150736"}],"curies":[{"name":"wp","href":"https:\/\/api.w.org\/{rel}","templated":true}]}}