{"id":150724,"date":"2024-06-02T09:04:44","date_gmt":"2024-06-02T15:04:44","guid":{"rendered":"https:\/\/nvnoticias.mx\/?p=150724"},"modified":"2024-06-02T09:04:46","modified_gmt":"2024-06-02T15:04:46","slug":"milei-se-reunio-con-bukele","status":"publish","type":"post","link":"https:\/\/nvnoticias.mx\/index.php\/2024\/06\/02\/milei-se-reunio-con-bukele\/","title":{"rendered":"Milei se reuni\u00f3 con Bukele"},"content":{"rendered":"\n<p>Luego de haber asistido a la ceremonia de asunci\u00f3n presidencial de su hom\u00f3logo salvadure\u00f1o, Nayib Bukele, el presidente Javier Milei particip\u00f3 esta tarde de un encuentro privado con el mandatario, quien lo recibi\u00f3 en la Casa Presidencial.<\/p>\n\n\n\n<blockquote class=\"wp-block-quote is-layout-flow wp-block-quote-is-layout-flow\">\n<p>\u201cPresidente, qu\u00e9 placer conocerte en persona, la verdad. \u00bfC\u00f3mo es esto de ser reelecto\u201d, le pregunt\u00f3 Milei a Bukele al saludar a su hom\u00f3logo, en la previa del encuentro privado celebrado este s\u00e1bado en la Casa Presidencial de El Salvador.<\/p>\n<\/blockquote>\n\n\n\n<blockquote class=\"wp-block-quote is-layout-flow wp-block-quote-is-layout-flow\">\n<p>\u201cEs necesario\u201d, indic\u00f3 Bukele a Milei, quien en un claro gesto de aprobaci\u00f3n lo interrumpi\u00f3: \u201cS\u00ed, obviamente, cuando uno emprende reformas&#8230;\u201d. Y tras ello Bukele retom\u00f3: \u201cY menos reformas profundas como las que aqu\u00ed se hicieron. Cuando se empiezan a ver los frutos termina el mandato\u201d.<\/p>\n<\/blockquote>\n\n\n\n<p>En esa l\u00ednea, el presidente Milei se refiri\u00f3 a las reformas que el gobierno plante\u00f3 durante los primeros seis meses de su gesti\u00f3n.<\/p>\n\n\n\n<p>Finalizada la reuni\u00f3n bilateral entre los dos mandatarios, la Oficina del Presidente de Argentina comparti\u00f3 im\u00e1genes del encuentro, al igual que la cuenta de la Casa Presidencial de El Salvador.<\/p>\n\n\n\n<p>Fuente: El <a href=\"https:\/\/www.eluniversal.com.mx\/mundo\/milei-mandatario-argentino-se-reunio-con-bukele-que-asumio-su-segundo-mandato\/\" data-type=\"link\" data-id=\"https:\/\/www.eluniversal.com.mx\/mundo\/milei-mandatario-argentino-se-reunio-con-bukele-que-asumio-su-segundo-mandato\/\">Universal<\/a><br><\/p>\n","protected":false},"excerpt":{"rendered":"<p>Luego de haber asistido a la ceremonia de asunci\u00f3n presidencial de su hom\u00f3logo salvadure\u00f1o, Nayib Bukele, el presidente Javier Milei particip\u00f3 esta tarde de un encuentro privado con el mandatario, quien lo recibi\u00f3 en la Casa Presidencial. \u201cPresidente, qu\u00e9 placer conocerte en persona, la verdad. \u00bfC\u00f3mo es esto de ser reelecto\u201d, le pregunt\u00f3 Milei a [&hellip;]<\/p>\n","protected":false},"author":35,"featured_media":150725,"comment_status":"open","ping_status":"open","sticky":false,"template":"","format":"standard","meta":{"_monsterinsights_skip_tracking":false,"_monsterinsights_sitenote_active":false,"_monsterinsights_sitenote_note":"","_monsterinsights_sitenote_category":0,"footnotes":""},"categories":[181],"tags":[27223,2623],"class_list":["post-150724","post","type-post","status-publish","format-standard","has-post-thumbnail","hentry","category-internacional","tag-javier-milei","tag-nayib-bukele","wp-image-borders"],"amp_enabled":true,"_links":{"self":[{"href":"https:\/\/nvnoticias.mx\/index.php\/wp-json\/wp\/v2\/posts\/150724","targetHints":{"allow":["GET"]}}],"collection":[{"href":"https:\/\/nvnoticias.mx\/index.php\/wp-json\/wp\/v2\/posts"}],"about":[{"href":"https:\/\/nvnoticias.mx\/index.php\/wp-json\/wp\/v2\/types\/post"}],"author":[{"embeddable":true,"href":"https:\/\/nvnoticias.mx\/index.php\/wp-json\/wp\/v2\/users\/35"}],"replies":[{"embeddable":true,"href":"https:\/\/nvnoticias.mx\/index.php\/wp-json\/wp\/v2\/comments?post=150724"}],"version-history":[{"count":1,"href":"https:\/\/nvnoticias.mx\/index.php\/wp-json\/wp\/v2\/posts\/150724\/revisions"}],"predecessor-version":[{"id":150726,"href":"https:\/\/nvnoticias.mx\/index.php\/wp-json\/wp\/v2\/posts\/150724\/revisions\/150726"}],"wp:featuredmedia":[{"embeddable":true,"href":"https:\/\/nvnoticias.mx\/index.php\/wp-json\/wp\/v2\/media\/150725"}],"wp:attachment":[{"href":"https:\/\/nvnoticias.mx\/index.php\/wp-json\/wp\/v2\/media?parent=150724"}],"wp:term":[{"taxonomy":"category","embeddable":true,"href":"https:\/\/nvnoticias.mx\/index.php\/wp-json\/wp\/v2\/categories?post=150724"},{"taxonomy":"post_tag","embeddable":true,"href":"https:\/\/nvnoticias.mx\/index.php\/wp-json\/wp\/v2\/tags?post=150724"}],"curies":[{"name":"wp","href":"https:\/\/api.w.org\/{rel}","templated":true}]}}