{"id":150692,"date":"2024-06-01T20:58:31","date_gmt":"2024-06-02T02:58:31","guid":{"rendered":"https:\/\/nvnoticias.mx\/?p=150692"},"modified":"2024-06-01T20:58:33","modified_gmt":"2024-06-02T02:58:33","slug":"regresa-nestor-rojas-a-el-aguila-de-veracruz","status":"publish","type":"post","link":"https:\/\/nvnoticias.mx\/index.php\/2024\/06\/01\/regresa-nestor-rojas-a-el-aguila-de-veracruz\/","title":{"rendered":"Regresa N\u00e9stor Rojas a El \u00c1guila de Veracruz"},"content":{"rendered":"\n<p><\/p>\n\n\n\n<p>La Direcci\u00f3n Deportiva de El \u00c1guila de Veracruz anuncia que el venezolano N\u00e9stor Rojas, es oficialmente, el m\u00e1nager de El \u00c1guila por el resto de la temporada de la Liga Mexicana de Beisbol.<\/p>\n\n\n\n<p>Rojas vivir\u00e1 su segunda etapa con El Glorioso, equipo que dirigi\u00f3 en relevo de Mat\u00edas Carrillo en el 2023, el venezolano dirigi\u00f3 37 juegos, con r\u00e9cord 25 ganados y 12&nbsp;perdidos.<\/p>\n\n\n\n<p>Bajo la dirigencia de Rojas, El Glorioso logr\u00f3 la calificaci\u00f3n a los playoffs, \u201cLa Nestorneta\u201d, encabez\u00f3 la hist\u00f3rica remontada ante Pericos en postemporada.<\/p>\n\n\n\n<blockquote class=\"wp-block-quote is-layout-flow wp-block-quote-is-layout-flow\">\n<p>\u201c<em>Super emocionado y contento de regresar a mi casa y de comenzar este nuevo reto y tengo fe en Dios, en que lo vamos a lograr<\/em>\u201d, destac\u00f3 Rojas.<\/p>\n<\/blockquote>\n\n\n\n<p>N\u00e9stor Rojas tomar\u00e1s las riendas de El Glorioso en la gira contra los Dorados en Chihuahua.<\/p>\n","protected":false},"excerpt":{"rendered":"<p>La Direcci\u00f3n Deportiva de El \u00c1guila de Veracruz anuncia que el venezolano N\u00e9stor Rojas, es oficialmente, el m\u00e1nager de El \u00c1guila por el resto de la temporada de la Liga Mexicana de Beisbol. Rojas vivir\u00e1 su segunda etapa con El Glorioso, equipo que dirigi\u00f3 en relevo de Mat\u00edas Carrillo en el 2023, el venezolano dirigi\u00f3 [&hellip;]<\/p>\n","protected":false},"author":8,"featured_media":150693,"comment_status":"open","ping_status":"open","sticky":false,"template":"","format":"standard","meta":{"_monsterinsights_skip_tracking":false,"_monsterinsights_sitenote_active":false,"_monsterinsights_sitenote_note":"","_monsterinsights_sitenote_category":0,"footnotes":""},"categories":[159],"tags":[1195,9420,26112],"class_list":["post-150692","post","type-post","status-publish","format-standard","has-post-thumbnail","hentry","category-deportes","tag-el-aguila-de-veracruz","tag-manager-2","tag-nestor-rojas","wp-image-borders"],"amp_enabled":true,"_links":{"self":[{"href":"https:\/\/nvnoticias.mx\/index.php\/wp-json\/wp\/v2\/posts\/150692","targetHints":{"allow":["GET"]}}],"collection":[{"href":"https:\/\/nvnoticias.mx\/index.php\/wp-json\/wp\/v2\/posts"}],"about":[{"href":"https:\/\/nvnoticias.mx\/index.php\/wp-json\/wp\/v2\/types\/post"}],"author":[{"embeddable":true,"href":"https:\/\/nvnoticias.mx\/index.php\/wp-json\/wp\/v2\/users\/8"}],"replies":[{"embeddable":true,"href":"https:\/\/nvnoticias.mx\/index.php\/wp-json\/wp\/v2\/comments?post=150692"}],"version-history":[{"count":1,"href":"https:\/\/nvnoticias.mx\/index.php\/wp-json\/wp\/v2\/posts\/150692\/revisions"}],"predecessor-version":[{"id":150694,"href":"https:\/\/nvnoticias.mx\/index.php\/wp-json\/wp\/v2\/posts\/150692\/revisions\/150694"}],"wp:featuredmedia":[{"embeddable":true,"href":"https:\/\/nvnoticias.mx\/index.php\/wp-json\/wp\/v2\/media\/150693"}],"wp:attachment":[{"href":"https:\/\/nvnoticias.mx\/index.php\/wp-json\/wp\/v2\/media?parent=150692"}],"wp:term":[{"taxonomy":"category","embeddable":true,"href":"https:\/\/nvnoticias.mx\/index.php\/wp-json\/wp\/v2\/categories?post=150692"},{"taxonomy":"post_tag","embeddable":true,"href":"https:\/\/nvnoticias.mx\/index.php\/wp-json\/wp\/v2\/tags?post=150692"}],"curies":[{"name":"wp","href":"https:\/\/api.w.org\/{rel}","templated":true}]}}