{"id":150612,"date":"2024-05-31T14:15:54","date_gmt":"2024-05-31T20:15:54","guid":{"rendered":"https:\/\/nvnoticias.mx\/?p=150612"},"modified":"2024-05-31T14:15:56","modified_gmt":"2024-05-31T20:15:56","slug":"incendian-oficinas-y-paqueteria-electoral-en-chiapas","status":"publish","type":"post","link":"https:\/\/nvnoticias.mx\/index.php\/2024\/05\/31\/incendian-oficinas-y-paqueteria-electoral-en-chiapas\/","title":{"rendered":"Incendian oficinas y paqueter\u00eda electoral en Chiapas"},"content":{"rendered":"\n<p>Fueron incendiadas las instalaciones del Consejo Municipal Electoral de Chicomuselo, en la regi\u00f3n de la Sierra de Chiapas, durante la madrugada. La paqueter\u00eda electoral result\u00f3 da\u00f1ada.<\/p>\n\n\n\n<p>La documentaci\u00f3n iba a ser entregada hoy al Instituto Nacional Electoral (INE), inform\u00f3 el Instituto de Elecciones y Participaci\u00f3n Ciudadana (IEPC) del estado.<\/p>\n\n\n\n<p>A trav\u00e9s de un comunicado, el organismo inform\u00f3 que el caso ocurri\u00f3 en los primeros minutos de este viernes y destac\u00f3 que el personal se encuentra a salvo, por lo que ya se iniciaron las diligencias ante las autoridades para la denuncia correspondiente.<\/p>\n\n\n\n<blockquote class=\"wp-block-quote is-layout-flow wp-block-quote-is-layout-flow\">\n<p>\u200b\u201cEl Instituto de Elecciones y Participaci\u00f3n Ciudadana de Chiapas lamenta que estos hechos violentos, que ponen en riesgo la integridad f\u00edsica de muchas personas, impidan el ejercicio de un derecho fundamental de la ciudadan\u00eda, que es elegir por la v\u00eda pac\u00edfica a sus gobernantes\u201d, puntualiza el documento.<\/p>\n<\/blockquote>\n\n\n\n<p><br>En este sentido, el \u00f3rgano electoral exigi\u00f3 la intervenci\u00f3n de las autoridades de seguridad para que cesen estos actos y den garant\u00edas a las y los chiapanecos en todo el estado, a fin de que puedan salir a votar en libertad en entornos seguros y pac\u00edficos.<\/p>\n\n\n\n<p>Cabe recordar que el martes tambi\u00e9n se registr\u00f3 un hecho violento frente a las instalaciones del Consejo Municipal Electoral de Simojovel cuando trasladaban paqueter\u00eda electoral, por lo que el inmueble y la paqueter\u00eda electoral quedaron resguardados por elementos de seguridad.<\/p>\n\n\n\n<p>Desde hace tres a\u00f1os, en esta zona de la entidad se agudiz\u00f3 la violencia, derivado de la disputa del territorio entre dos grupos del crimen organizado, el cual ha dejado desapariciones, asesinatos y reclutamiento forzado.<\/p>\n\n\n\n<p>Fuente: <a href=\"https:\/\/www.milenio.com\/politica\/elecciones\/chiapas-incendian-oficinas-paqueteria-electoral-chicomuselo\" data-type=\"link\" data-id=\"https:\/\/www.milenio.com\/politica\/elecciones\/chiapas-incendian-oficinas-paqueteria-electoral-chicomuselo\">Milenio<\/a><br><\/p>\n","protected":false},"excerpt":{"rendered":"<p>Fueron incendiadas las instalaciones del Consejo Municipal Electoral de Chicomuselo, en la regi\u00f3n de la Sierra de Chiapas, durante la madrugada. La paqueter\u00eda electoral result\u00f3 da\u00f1ada. La documentaci\u00f3n iba a ser entregada hoy al Instituto Nacional Electoral (INE), inform\u00f3 el Instituto de Elecciones y Participaci\u00f3n Ciudadana (IEPC) del estado. A trav\u00e9s de un comunicado, el [&hellip;]<\/p>\n","protected":false},"author":35,"featured_media":126523,"comment_status":"open","ping_status":"open","sticky":false,"template":"","format":"standard","meta":{"_monsterinsights_skip_tracking":false,"_monsterinsights_sitenote_active":false,"_monsterinsights_sitenote_note":"","_monsterinsights_sitenote_category":0,"footnotes":""},"categories":[158],"tags":[4360,4325],"class_list":["post-150612","post","type-post","status-publish","format-standard","has-post-thumbnail","hentry","category-politica","tag-chiapas","tag-electoral","wp-image-borders"],"amp_enabled":true,"_links":{"self":[{"href":"https:\/\/nvnoticias.mx\/index.php\/wp-json\/wp\/v2\/posts\/150612","targetHints":{"allow":["GET"]}}],"collection":[{"href":"https:\/\/nvnoticias.mx\/index.php\/wp-json\/wp\/v2\/posts"}],"about":[{"href":"https:\/\/nvnoticias.mx\/index.php\/wp-json\/wp\/v2\/types\/post"}],"author":[{"embeddable":true,"href":"https:\/\/nvnoticias.mx\/index.php\/wp-json\/wp\/v2\/users\/35"}],"replies":[{"embeddable":true,"href":"https:\/\/nvnoticias.mx\/index.php\/wp-json\/wp\/v2\/comments?post=150612"}],"version-history":[{"count":1,"href":"https:\/\/nvnoticias.mx\/index.php\/wp-json\/wp\/v2\/posts\/150612\/revisions"}],"predecessor-version":[{"id":150613,"href":"https:\/\/nvnoticias.mx\/index.php\/wp-json\/wp\/v2\/posts\/150612\/revisions\/150613"}],"wp:featuredmedia":[{"embeddable":true,"href":"https:\/\/nvnoticias.mx\/index.php\/wp-json\/wp\/v2\/media\/126523"}],"wp:attachment":[{"href":"https:\/\/nvnoticias.mx\/index.php\/wp-json\/wp\/v2\/media?parent=150612"}],"wp:term":[{"taxonomy":"category","embeddable":true,"href":"https:\/\/nvnoticias.mx\/index.php\/wp-json\/wp\/v2\/categories?post=150612"},{"taxonomy":"post_tag","embeddable":true,"href":"https:\/\/nvnoticias.mx\/index.php\/wp-json\/wp\/v2\/tags?post=150612"}],"curies":[{"name":"wp","href":"https:\/\/api.w.org\/{rel}","templated":true}]}}