{"id":150605,"date":"2024-05-31T11:31:36","date_gmt":"2024-05-31T17:31:36","guid":{"rendered":"https:\/\/nvnoticias.mx\/?p=150605"},"modified":"2024-05-31T11:31:38","modified_gmt":"2024-05-31T17:31:38","slug":"se-mantiene-la-contingencia-ambiental-por-ozono-en-el-valle-de-mexico","status":"publish","type":"post","link":"https:\/\/nvnoticias.mx\/index.php\/2024\/05\/31\/se-mantiene-la-contingencia-ambiental-por-ozono-en-el-valle-de-mexico\/","title":{"rendered":"Se mantiene la Contingencia Ambiental por ozono en el Valle de M\u00e9xico"},"content":{"rendered":"\n<p>La Comisio\u0301n Ambiental de la Megal\u00f3polis (CAMe) dio a conocer que se mantiene la fase 1 de contingencia ambiental por ozono en la Zona Metropolitana del Valle de M\u00e9xico (ZMVM), as\u00ed como sus medidas y restricciones vehiculares para este viernes 31 de mayo.<\/p>\n\n\n\n<p>El Sistema de Monitoreo Atmosf\u00e9rico de la CDMX detall\u00f3 que debido a la presencia de la tercera onda de calor, las condiciones que predominar\u00e1n en el Valle de M\u00e9xico seguir\u00e1n siendo adversas para la dispersi\u00f3n de los precursores del ozono.<\/p>\n\n\n\n<p>Estas condiciones son causadas por un sistema de alta presi\u00f3n que permanece sobre el centro del pa\u00eds, el cual generar\u00e1 viento d\u00e9bil hasta media tarde, estabilidad atmosf\u00e9rica de moderada a fuerte y cielo despejado a medio nublado, lo que resultar\u00e1 en radiaci\u00f3n solar intensa y temperaturas mayores a los 30 grados Celsius.<\/p>\n\n\n\n<p>Debido a esto, durante el d\u00eda se prev\u00e9 el estancamiento de contaminantes y la formaci\u00f3n de ozono, que se prev\u00e9 alcanzar\u00e1 concentraciones que se ubicar\u00e1n dentro del rango de mala a muy mala calidad del aire.<\/p>\n\n\n\n<p>Se trata de la onceava contingencia ambiental por ozono de esta temporada, por lo que se rompe el r\u00e9cord de 2016, cuando se decretaron 10 contingencias por altas concentraciones de contaminantes.<\/p>\n\n\n\n<p>Antes de 2016, el r\u00e9cord de contingencias ambientales tuvo lugar en 1993 cuando esta medida se activ\u00f3 en 12 ocasiones.<\/p>\n\n\n\n<p>Fuente: El <a href=\"https:\/\/www.eluniversal.com.mx\/metropoli\/contaminacion-no-da-respiro-se-mantiene-la-contingencia-ambiental-por-ozono-en-el-valle-de-mexico\/\" data-type=\"link\" data-id=\"https:\/\/www.eluniversal.com.mx\/metropoli\/contaminacion-no-da-respiro-se-mantiene-la-contingencia-ambiental-por-ozono-en-el-valle-de-mexico\/\">Universal<\/a><br><\/p>\n","protected":false},"excerpt":{"rendered":"<p>La Comisio\u0301n Ambiental de la Megal\u00f3polis (CAMe) dio a conocer que se mantiene la fase 1 de contingencia ambiental por ozono en la Zona Metropolitana del Valle de M\u00e9xico (ZMVM), as\u00ed como sus medidas y restricciones vehiculares para este viernes 31 de mayo. El Sistema de Monitoreo Atmosf\u00e9rico de la CDMX detall\u00f3 que debido a [&hellip;]<\/p>\n","protected":false},"author":35,"featured_media":16586,"comment_status":"open","ping_status":"open","sticky":false,"template":"","format":"standard","meta":{"_monsterinsights_skip_tracking":false,"_monsterinsights_sitenote_active":false,"_monsterinsights_sitenote_note":"","_monsterinsights_sitenote_category":0,"footnotes":""},"categories":[157],"tags":[8307,177],"class_list":["post-150605","post","type-post","status-publish","format-standard","has-post-thumbnail","hentry","category-nacional","tag-contingencia-ambiental","tag-valle-de-mexico","wp-image-borders"],"amp_enabled":true,"_links":{"self":[{"href":"https:\/\/nvnoticias.mx\/index.php\/wp-json\/wp\/v2\/posts\/150605","targetHints":{"allow":["GET"]}}],"collection":[{"href":"https:\/\/nvnoticias.mx\/index.php\/wp-json\/wp\/v2\/posts"}],"about":[{"href":"https:\/\/nvnoticias.mx\/index.php\/wp-json\/wp\/v2\/types\/post"}],"author":[{"embeddable":true,"href":"https:\/\/nvnoticias.mx\/index.php\/wp-json\/wp\/v2\/users\/35"}],"replies":[{"embeddable":true,"href":"https:\/\/nvnoticias.mx\/index.php\/wp-json\/wp\/v2\/comments?post=150605"}],"version-history":[{"count":1,"href":"https:\/\/nvnoticias.mx\/index.php\/wp-json\/wp\/v2\/posts\/150605\/revisions"}],"predecessor-version":[{"id":150606,"href":"https:\/\/nvnoticias.mx\/index.php\/wp-json\/wp\/v2\/posts\/150605\/revisions\/150606"}],"wp:featuredmedia":[{"embeddable":true,"href":"https:\/\/nvnoticias.mx\/index.php\/wp-json\/wp\/v2\/media\/16586"}],"wp:attachment":[{"href":"https:\/\/nvnoticias.mx\/index.php\/wp-json\/wp\/v2\/media?parent=150605"}],"wp:term":[{"taxonomy":"category","embeddable":true,"href":"https:\/\/nvnoticias.mx\/index.php\/wp-json\/wp\/v2\/categories?post=150605"},{"taxonomy":"post_tag","embeddable":true,"href":"https:\/\/nvnoticias.mx\/index.php\/wp-json\/wp\/v2\/tags?post=150605"}],"curies":[{"name":"wp","href":"https:\/\/api.w.org\/{rel}","templated":true}]}}