{"id":150575,"date":"2024-05-31T09:40:13","date_gmt":"2024-05-31T15:40:13","guid":{"rendered":"https:\/\/nvnoticias.mx\/?p=150575"},"modified":"2024-05-31T09:40:15","modified_gmt":"2024-05-31T15:40:15","slug":"fallecen-3-mexicanos-en-accidente-vehicular-tras-persecucion-de-policias-en-texas","status":"publish","type":"post","link":"https:\/\/nvnoticias.mx\/index.php\/2024\/05\/31\/fallecen-3-mexicanos-en-accidente-vehicular-tras-persecucion-de-policias-en-texas\/","title":{"rendered":"Fallecen 3 mexicanos en accidente vehicular tras persecuci\u00f3n de polic\u00edas en Texas"},"content":{"rendered":"\n<p>Tres personas mexicanas murieron en un accidente vehicular, en la carretera 277, cerca de la presa La Amistad en el condado de Val Verde, Texas, a partir de una persecuci\u00f3n de oficiales del Departamento de Seguridad P\u00fablica de Texas (DPS, por sus siglas en ingl\u00e9s).<\/p>\n\n\n\n<p>El pasado 29 de mayo, el Consulado de M\u00e9xico en Del Rio, Texas, fue informado de este accidente de veh\u00edculo en el que eran transportadas seis personas de origen mexicano por una conductora estadounidense.<\/p>\n\n\n\n<blockquote class=\"wp-block-quote is-layout-flow wp-block-quote-is-layout-flow\">\n<p>\u201cLamentablemente, tres connacionales fallecieron en el incidente y uno m\u00e1s se encuentra hospitalizado en San Antonio, en situaci\u00f3n estable\u201d, inform\u00f3 la Canciller\u00eda.<\/p>\n<\/blockquote>\n\n\n\n<blockquote class=\"wp-block-quote is-layout-flow wp-block-quote-is-layout-flow\">\n<p>\u201cLa representaci\u00f3n mexicana en Del Rio entrevist\u00f3 a las dos personas de nacionalidad mexicana que sobrevivieron al accidente y que actualmente est\u00e1n bajo custodia de las autoridades federales estadounidenses, verificando que sus derechos est\u00e9n siendo respetados y proporcion\u00e1ndoles la asistencia consular y la asesor\u00eda pertinente\u201d, puntualiz\u00f3.<\/p>\n<\/blockquote>\n\n\n\n<p>Agreg\u00f3 la Secretar\u00eda de Relaciones Exteriores (SRE) que personal consular ha estado en contacto con las familias de los tres mexicanos que murieron y apoya en las gestiones que se requieran para el traslado de los restos a sus lugares de origen en nuestro pa\u00eds.<\/p>\n\n\n\n<p>La SRE lament\u00f3 el fallecimiento de los tres connacionales y transmiti\u00f3 sus condolencias a las familias afectadas, en tanto que, a trav\u00e9s del Consulado de M\u00e9xico en Del Rio, se mantendr\u00e1 en estrecha comunicaci\u00f3n con las agencias federales y estatales a cargo de la investigaci\u00f3n y vigilar\u00e1 que esta se efect\u00fae a cabalidad.<\/p>\n\n\n\n<p>Fuente: El <a href=\"https:\/\/www.eluniversal.com.mx\/nacion\/mueren-3-mexicanos-en-accidente-vehicular-tras-persecucion-de-policias-en-texas\/\" data-type=\"link\" data-id=\"https:\/\/www.eluniversal.com.mx\/nacion\/mueren-3-mexicanos-en-accidente-vehicular-tras-persecucion-de-policias-en-texas\/\">Universal<\/a><br><br><\/p>\n","protected":false},"excerpt":{"rendered":"<p>Tres personas mexicanas murieron en un accidente vehicular, en la carretera 277, cerca de la presa La Amistad en el condado de Val Verde, Texas, a partir de una persecuci\u00f3n de oficiales del Departamento de Seguridad P\u00fablica de Texas (DPS, por sus siglas en ingl\u00e9s). El pasado 29 de mayo, el Consulado de M\u00e9xico en [&hellip;]<\/p>\n","protected":false},"author":35,"featured_media":11504,"comment_status":"open","ping_status":"open","sticky":false,"template":"","format":"standard","meta":{"_monsterinsights_skip_tracking":false,"_monsterinsights_sitenote_active":false,"_monsterinsights_sitenote_note":"","_monsterinsights_sitenote_category":0,"footnotes":""},"categories":[157],"tags":[8633,257,918],"class_list":["post-150575","post","type-post","status-publish","format-standard","has-post-thumbnail","hentry","category-nacional","tag-fallecen","tag-mexicanos","tag-texas","wp-image-borders"],"amp_enabled":true,"_links":{"self":[{"href":"https:\/\/nvnoticias.mx\/index.php\/wp-json\/wp\/v2\/posts\/150575","targetHints":{"allow":["GET"]}}],"collection":[{"href":"https:\/\/nvnoticias.mx\/index.php\/wp-json\/wp\/v2\/posts"}],"about":[{"href":"https:\/\/nvnoticias.mx\/index.php\/wp-json\/wp\/v2\/types\/post"}],"author":[{"embeddable":true,"href":"https:\/\/nvnoticias.mx\/index.php\/wp-json\/wp\/v2\/users\/35"}],"replies":[{"embeddable":true,"href":"https:\/\/nvnoticias.mx\/index.php\/wp-json\/wp\/v2\/comments?post=150575"}],"version-history":[{"count":1,"href":"https:\/\/nvnoticias.mx\/index.php\/wp-json\/wp\/v2\/posts\/150575\/revisions"}],"predecessor-version":[{"id":150576,"href":"https:\/\/nvnoticias.mx\/index.php\/wp-json\/wp\/v2\/posts\/150575\/revisions\/150576"}],"wp:featuredmedia":[{"embeddable":true,"href":"https:\/\/nvnoticias.mx\/index.php\/wp-json\/wp\/v2\/media\/11504"}],"wp:attachment":[{"href":"https:\/\/nvnoticias.mx\/index.php\/wp-json\/wp\/v2\/media?parent=150575"}],"wp:term":[{"taxonomy":"category","embeddable":true,"href":"https:\/\/nvnoticias.mx\/index.php\/wp-json\/wp\/v2\/categories?post=150575"},{"taxonomy":"post_tag","embeddable":true,"href":"https:\/\/nvnoticias.mx\/index.php\/wp-json\/wp\/v2\/tags?post=150575"}],"curies":[{"name":"wp","href":"https:\/\/api.w.org\/{rel}","templated":true}]}}