{"id":150573,"date":"2024-05-31T09:38:03","date_gmt":"2024-05-31T15:38:03","guid":{"rendered":"https:\/\/nvnoticias.mx\/?p=150573"},"modified":"2024-05-31T09:38:04","modified_gmt":"2024-05-31T15:38:04","slug":"la-constitucion","status":"publish","type":"post","link":"https:\/\/nvnoticias.mx\/index.php\/2024\/05\/31\/la-constitucion\/","title":{"rendered":"La Constituci\u00f3n"},"content":{"rendered":"\n<p><\/p>\n\n\n\n<p><strong>Juan Jos\u00e9 Rodr\u00edguez Prats<\/strong><\/p>\n\n\n\n<blockquote class=\"wp-block-quote is-layout-flow wp-block-quote-is-layout-flow\">\n<p><em>No hay que dejarse confundir: donde los derechos<\/em><em> humanos no se respetan, no existe la democracia, sino el\u00a0reino de la fuerza y la tiran\u00eda.<\/em><\/p>\n<cite><strong>Jorge Carpizo<\/strong><\/cite><\/blockquote>\n\n\n\n<p>No creo que se deba a un prejuicio como profesional del derecho, tampoco a una empecinada tendencia a enfocar los problemas prioritariamente como secuela de incumplir las leyes. Me asombra la ausencia de un an\u00e1lisis serio de la Constituci\u00f3n en la campa\u00f1a electoral que ha concluido. Esto es reflejo de nuestra endeble cultura pol\u00edtica, de nuestro desd\u00e9n por las prescripciones que emanan de las instituciones del Estado.<\/p>\n\n\n\n<p>Si usted asume la monumental y masoquista tarea de revisar todo lo que dijeron todos los candidatos, confirmar\u00e1 que las referencias a nuestra ley fundamental fueron escasas. Lo que se repiti\u00f3 fue la promesa de incorporar a su texto, como si fuera cosa de magia, el acceso a todas las pol\u00edticas de bienestar. El titular del Ejecutivo, protagonista central, ha llegado a proponer el derecho a la felicidad, como si el gobierno la pudiera repartir, cuando \u00e9sta en realidad corresponde exclusivamente al \u00e1mbito individual.<\/p>\n\n\n\n<p>\u00bfPara qu\u00e9 sirve el derecho y para qu\u00e9 no sirve? \u00bfEn qu\u00e9 estorba y en qu\u00e9 es funcional? \u00bfQu\u00e9 debe contener nuestra Carta Magna? \u00bfSe hizo una reflexi\u00f3n seria sobre el federalismo y lo que compete a cada orden de gobierno? \u00bfSe habl\u00f3 de lo que debe hacer el Estado y lo que podemos hacer los particulares? \u00bfSe deslind\u00f3 lo p\u00fablico de lo privado? \u00bfHubo propuestas para garantizar los derechos sociales?<\/p>\n\n\n\n<p>Desde los inicios del Estado de derecho se ha insistido en que hay dos temas de obligado contenido de los ordenamientos jur\u00eddicos: derechos humanos y divisi\u00f3n de Poderes. En ambos casos arrastramos una evidente carencia. Ah\u00ed est\u00e1, desde mi punto de vista, el tema de nuestro tiempo en M\u00e9xico.<\/p>\n\n\n\n<p>El jurista argentino Carlos Nino hace una provocadora reflexi\u00f3n: \u201cAducir que algo va en contra de las leyes es una forma de iniciar una conversaci\u00f3n, y no de concluirla\u201d. Esto es, no es suficiente lo que la norma prescribe, pues siempre es posible darle la vuelta, buscar la rendija, utilizar el subterfugio. Es el repetido refr\u00e1n mexicano, \u201cno se puede, pero s\u00ed se puede\u201d.<\/p>\n\n\n\n<p>Hace muchos a\u00f1os escuch\u00e9 una ilustrativa an\u00e9cdota. Discut\u00edan sobre alg\u00fan asunto el jurista Octavio Hern\u00e1ndez y el presidente Luis Echeverr\u00eda. Al afirmar el primero que se deb\u00eda consultar la ley, el responsable n\u00famero uno de la vida institucional del pa\u00eds, con cierto desd\u00e9n, respondi\u00f3: \u201c\u00bfY ah\u00ed qu\u00e9 vamos a encontrar? Si algo nos limita, lo cambiamos y ya. El poder somos nosotros\u201d. En ese conciso di\u00e1logo se manifiesta la arbitrariedad con que se conduce el te\u00f3ricamente servidor p\u00fablico. El primer deber es acudir a lo que es producto de la voluntad general, el derecho; sin embargo, se le ve con indiferencia o con la presunci\u00f3n de manipularlo.<\/p>\n\n\n\n<p>Todas las naciones enfrentan una crisis por el debilitamiento de su vida institucional. Es necesario enfatizar la imprescindible obligaci\u00f3n de acatar los ordenamientos jur\u00eddicos que son el m\u00ednimo \u00e9tico para la convivencia social. Si un Estado no imparte justicia, est\u00e1 reprobado en todo lo dem\u00e1s. Tan importante es en el \u00e1mbito nacional castigar a un delincuente como Donald Trump en Estados Unidos, como en el internacional para resolver los conflictos entre Rusia y Ucrania o entre Israel y Palestina.<\/p>\n\n\n\n<p>El 2 de julio de 1960, Adolfo L\u00f3pez Mateos declar\u00f3 en Guaymas: \u201cMi gobierno es, dentro de la Constituci\u00f3n, de extrema izquierda\u201d. El mensaje est\u00e1 claro. Habr\u00e1 divergencias, pero no puede haber dudas de acatar la ley fundamental. Es el pacto fundacional como lo expresaba el jurista y parlamentario Mariano Otero hace casi dos siglos.<\/p>\n\n\n\n<p>Cuando se viola la norma, no es porque se ignore, es por la endeble conciencia de quienes hacen el mal por los supuestos beneficios a obtener.<\/p>\n\n\n\n<p>El gran fil\u00f3sofo Ernst Bloch escribi\u00f3: \u201cSobre lo que se siente vivamente, no se pierden muchas palabras\u201d.<\/p>\n\n\n\n<p><\/p>\n","protected":false},"excerpt":{"rendered":"<p>Juan Jos\u00e9 Rodr\u00edguez Prats No hay que dejarse confundir: donde los derechos humanos no se respetan, no existe la democracia, sino el\u00a0reino de la fuerza y la tiran\u00eda. Jorge Carpizo No creo que se deba a un prejuicio como profesional del derecho, tampoco a una empecinada tendencia a enfocar los problemas prioritariamente como secuela de [&hellip;]<\/p>\n","protected":false},"author":17,"featured_media":46949,"comment_status":"open","ping_status":"open","sticky":false,"template":"","format":"standard","meta":{"_monsterinsights_skip_tracking":false,"_monsterinsights_sitenote_active":false,"_monsterinsights_sitenote_note":"","_monsterinsights_sitenote_category":0,"footnotes":""},"categories":[614],"tags":[397],"class_list":["post-150573","post","type-post","status-publish","format-standard","has-post-thumbnail","hentry","category-politica-de-principios","tag-juan-jose-rodriguez-prats-2","wp-image-borders"],"amp_enabled":true,"_links":{"self":[{"href":"https:\/\/nvnoticias.mx\/index.php\/wp-json\/wp\/v2\/posts\/150573","targetHints":{"allow":["GET"]}}],"collection":[{"href":"https:\/\/nvnoticias.mx\/index.php\/wp-json\/wp\/v2\/posts"}],"about":[{"href":"https:\/\/nvnoticias.mx\/index.php\/wp-json\/wp\/v2\/types\/post"}],"author":[{"embeddable":true,"href":"https:\/\/nvnoticias.mx\/index.php\/wp-json\/wp\/v2\/users\/17"}],"replies":[{"embeddable":true,"href":"https:\/\/nvnoticias.mx\/index.php\/wp-json\/wp\/v2\/comments?post=150573"}],"version-history":[{"count":1,"href":"https:\/\/nvnoticias.mx\/index.php\/wp-json\/wp\/v2\/posts\/150573\/revisions"}],"predecessor-version":[{"id":150574,"href":"https:\/\/nvnoticias.mx\/index.php\/wp-json\/wp\/v2\/posts\/150573\/revisions\/150574"}],"wp:featuredmedia":[{"embeddable":true,"href":"https:\/\/nvnoticias.mx\/index.php\/wp-json\/wp\/v2\/media\/46949"}],"wp:attachment":[{"href":"https:\/\/nvnoticias.mx\/index.php\/wp-json\/wp\/v2\/media?parent=150573"}],"wp:term":[{"taxonomy":"category","embeddable":true,"href":"https:\/\/nvnoticias.mx\/index.php\/wp-json\/wp\/v2\/categories?post=150573"},{"taxonomy":"post_tag","embeddable":true,"href":"https:\/\/nvnoticias.mx\/index.php\/wp-json\/wp\/v2\/tags?post=150573"}],"curies":[{"name":"wp","href":"https:\/\/api.w.org\/{rel}","templated":true}]}}