{"id":150476,"date":"2024-05-29T17:16:15","date_gmt":"2024-05-29T23:16:15","guid":{"rendered":"https:\/\/nvnoticias.mx\/?p=150476"},"modified":"2024-05-29T17:16:17","modified_gmt":"2024-05-29T23:16:17","slug":"cuando-concluya-nuestro-gobierno-la-cdmx-sera-aun-mas-segura-mas-justa-mas-incluyente-mas-feminista-y-mas-diversa-clara-brugada","status":"publish","type":"post","link":"https:\/\/nvnoticias.mx\/index.php\/2024\/05\/29\/cuando-concluya-nuestro-gobierno-la-cdmx-sera-aun-mas-segura-mas-justa-mas-incluyente-mas-feminista-y-mas-diversa-clara-brugada\/","title":{"rendered":"Cuando concluya nuestro Gobierno la CDMX ser\u00e1 a\u00fan m\u00e1s segura, m\u00e1s justa, m\u00e1s incluyente, m\u00e1s feminista y m\u00e1s diversa: Clara Brugada"},"content":{"rendered":"\n<p>Clara Brugada, la candidata de Morena a la alcald\u00eda de Ciudad de M\u00e9xico, ha sido la encargada de inaugurar el mitin de cierre de campa\u00f1a de Claudia Sheinbaum, aspirante del mismo partido a la presidencia de la Rep\u00fablica. En su discurso, Brugada ha prometido que \u201clos principios rectores\u201d de su Gobierno \u201cser\u00e1n no mentir, no robar y no traicionar al pueblo\u201d.<\/p>\n\n\n\n<blockquote class=\"wp-block-quote is-layout-flow wp-block-quote-is-layout-flow\">\n<p> \u201cNuestra pr\u00f3xima presidenta, Claudia Sheinbaum, podr\u00e1 hacer las reformas para recuperar la soberan\u00eda energ\u00e9tica, para avanzar en la democracia, para limpiar al corrupto Poder Judicial y para proteger los programas sociales. Vamos a ganar porque este pueblo quiere que continuemos con el legado de Andr\u00e9s Manuel L\u00f3pez Obrador, el mejor presidente en la historia de este pa\u00eds, el que transform\u00f3 el Gobierno para hacer realidad el gran compromiso de que por el bien de todos primero los pobres\u201d, ha sostenido Brugada.<\/p>\n<\/blockquote>\n\n\n\n<p>La candidata a la ciudad ha planteado que los aspirantes del \u201cPRIAN\u201d, fusi\u00f3n despectiva de los nombres del PRI y el PAN, parte de la coalici\u00f3n opositora junto con el PRD, proponen \u201cun salto al pasado\u201d. Brugada ha defendido la gesti\u00f3n de Sheinbaum, que fue jefa de Gobierno de Ciudad de M\u00e9xico desde 2018 hasta el a\u00f1o pasado, al frente de la capital: <\/p>\n\n\n\n<blockquote class=\"wp-block-quote is-layout-flow wp-block-quote-is-layout-flow\">\n<p>\u201cLogr\u00f3 mejorar la seguridad como nunca, transformar la movilidad y proteger a la gente con los programas sociales y muchos logros m\u00e1s. Vamos a gobernar de la mano con Claudia Sheinbaum y juntas vamos a seguir transformando esta ciudad, juntas vamos por m\u00e1s seguridad, agua, movilidad, programas sociales. Soy una mujer de compromiso, que acostumbra a hacer realidad sus sue\u00f1os y las utop\u00edas. Les aseguro que al finalizar 2030, cuando concluya nuestro Gobierno, la Ciudad de M\u00e9xico ser\u00e1 a\u00fan m\u00e1s segura, m\u00e1s justa, m\u00e1s incluyente, m\u00e1s pr\u00f3spera, m\u00e1s feminista y m\u00e1s diversa\u201d.<\/p>\n<\/blockquote>\n","protected":false},"excerpt":{"rendered":"<p>Clara Brugada, la candidata de Morena a la alcald\u00eda de Ciudad de M\u00e9xico, ha sido la encargada de inaugurar el mitin de cierre de campa\u00f1a de Claudia Sheinbaum, aspirante del mismo partido a la presidencia de la Rep\u00fablica. En su discurso, Brugada ha prometido que \u201clos principios rectores\u201d de su Gobierno \u201cser\u00e1n no mentir, no [&hellip;]<\/p>\n","protected":false},"author":35,"featured_media":150477,"comment_status":"open","ping_status":"open","sticky":false,"template":"","format":"standard","meta":{"_monsterinsights_skip_tracking":false,"_monsterinsights_sitenote_active":false,"_monsterinsights_sitenote_note":"","_monsterinsights_sitenote_category":0,"footnotes":""},"categories":[158],"tags":[20034,2801],"class_list":["post-150476","post","type-post","status-publish","format-standard","has-post-thumbnail","hentry","category-politica","tag-clara-brugada","tag-claudia-sheinbaum","wp-image-borders"],"amp_enabled":true,"_links":{"self":[{"href":"https:\/\/nvnoticias.mx\/index.php\/wp-json\/wp\/v2\/posts\/150476","targetHints":{"allow":["GET"]}}],"collection":[{"href":"https:\/\/nvnoticias.mx\/index.php\/wp-json\/wp\/v2\/posts"}],"about":[{"href":"https:\/\/nvnoticias.mx\/index.php\/wp-json\/wp\/v2\/types\/post"}],"author":[{"embeddable":true,"href":"https:\/\/nvnoticias.mx\/index.php\/wp-json\/wp\/v2\/users\/35"}],"replies":[{"embeddable":true,"href":"https:\/\/nvnoticias.mx\/index.php\/wp-json\/wp\/v2\/comments?post=150476"}],"version-history":[{"count":1,"href":"https:\/\/nvnoticias.mx\/index.php\/wp-json\/wp\/v2\/posts\/150476\/revisions"}],"predecessor-version":[{"id":150478,"href":"https:\/\/nvnoticias.mx\/index.php\/wp-json\/wp\/v2\/posts\/150476\/revisions\/150478"}],"wp:featuredmedia":[{"embeddable":true,"href":"https:\/\/nvnoticias.mx\/index.php\/wp-json\/wp\/v2\/media\/150477"}],"wp:attachment":[{"href":"https:\/\/nvnoticias.mx\/index.php\/wp-json\/wp\/v2\/media?parent=150476"}],"wp:term":[{"taxonomy":"category","embeddable":true,"href":"https:\/\/nvnoticias.mx\/index.php\/wp-json\/wp\/v2\/categories?post=150476"},{"taxonomy":"post_tag","embeddable":true,"href":"https:\/\/nvnoticias.mx\/index.php\/wp-json\/wp\/v2\/tags?post=150476"}],"curies":[{"name":"wp","href":"https:\/\/api.w.org\/{rel}","templated":true}]}}