{"id":150472,"date":"2024-05-29T17:10:14","date_gmt":"2024-05-29T23:10:14","guid":{"rendered":"https:\/\/nvnoticias.mx\/?p=150472"},"modified":"2024-05-29T17:10:16","modified_gmt":"2024-05-29T23:10:16","slug":"desde-aqui-lo-decimos-con-fuerza-y-emocion-del-zocalo-a-la-victoria-claudia-sheinbaum","status":"publish","type":"post","link":"https:\/\/nvnoticias.mx\/index.php\/2024\/05\/29\/desde-aqui-lo-decimos-con-fuerza-y-emocion-del-zocalo-a-la-victoria-claudia-sheinbaum\/","title":{"rendered":"Desde aqu\u00ed lo decimos con fuerza y emoci\u00f3n, del Z\u00f3calo a la victoria: Claudia Sheinbaum"},"content":{"rendered":"\n<p>Claudia Sheinbaum ha tomado la palabra en el arranque del cierre de su campa\u00f1a rumbo a la presidencia de M\u00e9xico, desde el Z\u00f3calo de la capital.&nbsp;La representante del partido Morena, ha asegurado que el pr\u00f3ximo 2 de&nbsp;junio su partido volver\u00e1 a hacer historia: \u201cDesde aqu\u00ed lo decimos, con fuerza y emoci\u00f3n:&nbsp;del Z\u00f3calo a la victoria\u201d, dijo.&nbsp;<\/p>\n\n\n\n<p>Adem\u00e1s, durante su participaci\u00f3n, Sheinbaum record\u00f3 que durante esta campa\u00f1a ha juntado en asambleas multitudinarias por todo el pa\u00eds a cerca de tres millones de personas, ha visitado cerca de cinco ocasiones los 31 Estados y la capital. Sheinbaum ha enaltecido el Gobierno del presidente L\u00f3pez Obrador y lo ha calificado como \u201cel mejor presidente de la historia del pa\u00eds\u201d, remarcando los avances econ\u00f3micos y sociales durante el sexenio.<\/p>\n","protected":false},"excerpt":{"rendered":"<p>Claudia Sheinbaum ha tomado la palabra en el arranque del cierre de su campa\u00f1a rumbo a la presidencia de M\u00e9xico, desde el Z\u00f3calo de la capital.&nbsp;La representante del partido Morena, ha asegurado que el pr\u00f3ximo 2 de&nbsp;junio su partido volver\u00e1 a hacer historia: \u201cDesde aqu\u00ed lo decimos, con fuerza y emoci\u00f3n:&nbsp;del Z\u00f3calo a la victoria\u201d, [&hellip;]<\/p>\n","protected":false},"author":35,"featured_media":150473,"comment_status":"open","ping_status":"open","sticky":false,"template":"","format":"standard","meta":{"_monsterinsights_skip_tracking":false,"_monsterinsights_sitenote_active":false,"_monsterinsights_sitenote_note":"","_monsterinsights_sitenote_category":0,"footnotes":""},"categories":[158],"tags":[2801],"class_list":["post-150472","post","type-post","status-publish","format-standard","has-post-thumbnail","hentry","category-politica","tag-claudia-sheinbaum","wp-image-borders"],"amp_enabled":true,"_links":{"self":[{"href":"https:\/\/nvnoticias.mx\/index.php\/wp-json\/wp\/v2\/posts\/150472","targetHints":{"allow":["GET"]}}],"collection":[{"href":"https:\/\/nvnoticias.mx\/index.php\/wp-json\/wp\/v2\/posts"}],"about":[{"href":"https:\/\/nvnoticias.mx\/index.php\/wp-json\/wp\/v2\/types\/post"}],"author":[{"embeddable":true,"href":"https:\/\/nvnoticias.mx\/index.php\/wp-json\/wp\/v2\/users\/35"}],"replies":[{"embeddable":true,"href":"https:\/\/nvnoticias.mx\/index.php\/wp-json\/wp\/v2\/comments?post=150472"}],"version-history":[{"count":1,"href":"https:\/\/nvnoticias.mx\/index.php\/wp-json\/wp\/v2\/posts\/150472\/revisions"}],"predecessor-version":[{"id":150474,"href":"https:\/\/nvnoticias.mx\/index.php\/wp-json\/wp\/v2\/posts\/150472\/revisions\/150474"}],"wp:featuredmedia":[{"embeddable":true,"href":"https:\/\/nvnoticias.mx\/index.php\/wp-json\/wp\/v2\/media\/150473"}],"wp:attachment":[{"href":"https:\/\/nvnoticias.mx\/index.php\/wp-json\/wp\/v2\/media?parent=150472"}],"wp:term":[{"taxonomy":"category","embeddable":true,"href":"https:\/\/nvnoticias.mx\/index.php\/wp-json\/wp\/v2\/categories?post=150472"},{"taxonomy":"post_tag","embeddable":true,"href":"https:\/\/nvnoticias.mx\/index.php\/wp-json\/wp\/v2\/tags?post=150472"}],"curies":[{"name":"wp","href":"https:\/\/api.w.org\/{rel}","templated":true}]}}