{"id":15046,"date":"2021-06-03T09:28:17","date_gmt":"2021-06-03T14:28:17","guid":{"rendered":"https:\/\/nvnoticias.mx\/?p=15046"},"modified":"2021-06-03T09:28:18","modified_gmt":"2021-06-03T14:28:18","slug":"ajuste-de-cuentas","status":"publish","type":"post","link":"https:\/\/nvnoticias.mx\/index.php\/2021\/06\/03\/ajuste-de-cuentas\/","title":{"rendered":"Ajuste de cuentas"},"content":{"rendered":"\n<p class=\"has-text-align-right\"><strong>Juan Jos\u00e9 Rodr\u00edguez Prats<\/strong><\/p>\n\n\n\n<blockquote class=\"wp-block-quote has-text-align-right is-layout-flow wp-block-quote-is-layout-flow\"><p><em>La corrupci\u00f3n no es una caracter\u00edstica desagradable<\/em> <em>del sistema pol\u00edtico mexicano: es el sistema.<\/em><\/p><cite><em>Gabriel Zaid<\/em><\/cite><\/blockquote>\n\n\n\n<p>\u00bfQu\u00e9 habr\u00eda sido de M\u00e9xico si en lugar de gobernar Carlos Salinas (1988-94) lo hubiera hecho Cuauht\u00e9moc C\u00e1rdenas? Aventuro el resultado de un ejercicio de la historia antifactual. C\u00e1rdenas le habr\u00eda dado continuidad al viejo sistema. Y, entre otros temas, no se habr\u00eda firmado el TLC ni habr\u00eda habido cambios en el reparto de la tierra, el manejo de la banca o en la relaci\u00f3n Iglesia-Estado. Tampoco se habr\u00eda realizado una reforma electoral. Posiblemente habr\u00eda habido menos corrupci\u00f3n, sin que hubiera implicado un aut\u00e9ntico ajuste de cuentas.<\/p>\n\n\n\n<p>Despu\u00e9s de este inicio de intemperante imaginaci\u00f3n calenturienta, focalizo mi art\u00edculo sobre c\u00f3mo tratar a los anteriores gobiernos cuando arranca uno nuevo o se instrumenta una transici\u00f3n democr\u00e1tica.<\/p>\n\n\n\n<p>Espa\u00f1a tuvo en Adolfo Su\u00e1rez un h\u00e1bil operador para su transici\u00f3n pol\u00edtica, una designaci\u00f3n acertada del rey Juan Carlos. Habr\u00eda que recordar c\u00f3mo supo avanzar reconciliando. La Constituci\u00f3n de 1978 y un pacto de cicatrizaci\u00f3n a las heridas del pasado permitieron preservar la continuidad en el cambio. Su llamado a la \u201cdesdramatizaci\u00f3n\u201d de la pol\u00edtica fue oportuno y sensato. Supo sobrellevar esa siempre dif\u00edcil asignatura del ajuste de cuentas con el pasado, sosegando pasiones, sembrando el principio de preservar la gobernabilidad.<\/p>\n\n\n\n<p>Chile y Uruguay tienen la clase pol\u00edtica m\u00e1s madura de Am\u00e9rica Latina. Despu\u00e9s del plebiscito que termin\u00f3 la dictadura de Pinochet en 1988 (equivalente a mi juicio con la ca\u00edda del muro de Berl\u00edn un a\u00f1o despu\u00e9s), asumi\u00f3 la presidencia Patricio Aylwin, quien defini\u00f3 su gobierno con tres principios: que aflore la verdad, toda la justicia que sea posible y hagamos un ejercicio de reconciliaci\u00f3n. A su vez, la clase pol\u00edtica hizo un pacto conforme a cuatro postulados: Enfrente no est\u00e1 un adversario al que hay que exterminar; deslindar los asuntos pol\u00edticos y econ\u00f3micos; no partidizar las decisiones de la administraci\u00f3n p\u00fablica y la preeminencia del inter\u00e9s nacional. Aunque ambos pa\u00edses tienen serios conflictos, tienen el andamiaje jur\u00eddico e institucional para enfrentarlos.<\/p>\n\n\n\n<p>Ra\u00fal Alfons\u00edn fue un pol\u00edtico patriota y honesto. Al reiniciar la democracia en Argentina (1983) arremeti\u00f3 contra los responsables de la represi\u00f3n militar. Termin\u00f3 su gobierno con una crisis muy severa, pidi\u00e9ndole a su sucesor que anticipara la transferencia del poder.<\/p>\n\n\n\n<p>Hace algunos lustros, Per\u00fa decidi\u00f3 procesar a quienes, habiendo ejercido alg\u00fan cargo p\u00fablico, eran se\u00f1alados por corrupci\u00f3n. Los contendientes del pr\u00f3ximo domingo son verdaderamente detestables. Su vida institucional se percibe fr\u00e1gil.<\/p>\n\n\n\n<p>Nuestro caso exige un corte de caja. Con muchos asegunes y la contribuci\u00f3n de expertos, se dise\u00f1\u00f3 todo un sistema para combatir la corrupci\u00f3n y la impunidad. Simplemente fue ignorado y desechado. Nos ha vencido la inercia de las promesas purificadoras que no se han cumplido.<\/p>\n\n\n\n<p>Ante los inmensos retos que se vendr\u00e1n en la b\u00fasqueda de un buen entendimiento entre los \u00f3rganos del poder, es preciso definir principios que orienten una acci\u00f3n concertada ante este monumental problema.<\/p>\n\n\n\n<p>Las lecciones son claras. La justicia no puede tener desviaciones por venganzas y oportunismos. Menos esc\u00e1ndalo y m\u00e1s eficacia. Cada instituci\u00f3n debe asumir su tarea. Fortalecer la divisi\u00f3n de Poderes. Respeto a los \u00e1mbitos de competencia. Preocupaci\u00f3n elemental por el postulado de la definitividad del derecho. Operaci\u00f3n pol\u00edtica con realismo y visi\u00f3n de largo plazo. No empezamos de cero ni todo el pasado es malo. La polarizaci\u00f3n pol\u00edtica erosiona la legitimidad.<\/p>\n\n\n\n<p>Podr\u00edamos continuar. Algo est\u00e1 claro: la corrupci\u00f3n s\u00ed es un problema de profunda raigambre cultural, lo cual no significa que se nos obligue a consentirla. Por el contrario, atacarla con las mismas armas que siempre han demostrado su eficacia: ideas, convicciones, congruencia, ejemplos de comportamientos.<\/p>\n","protected":false},"excerpt":{"rendered":"<p>Juan Jos\u00e9 Rodr\u00edguez Prats La corrupci\u00f3n no es una caracter\u00edstica desagradable del sistema pol\u00edtico mexicano: es el sistema. Gabriel Zaid \u00bfQu\u00e9 habr\u00eda sido de M\u00e9xico si en lugar de gobernar Carlos Salinas (1988-94) lo hubiera hecho Cuauht\u00e9moc C\u00e1rdenas? Aventuro el resultado de un ejercicio de la historia antifactual. C\u00e1rdenas le habr\u00eda dado continuidad al viejo [&hellip;]<\/p>\n","protected":false},"author":17,"featured_media":8892,"comment_status":"open","ping_status":"open","sticky":false,"template":"","format":"standard","meta":{"_monsterinsights_skip_tracking":false,"_monsterinsights_sitenote_active":false,"_monsterinsights_sitenote_note":"","_monsterinsights_sitenote_category":0,"footnotes":""},"categories":[614],"tags":[397],"class_list":["post-15046","post","type-post","status-publish","format-standard","has-post-thumbnail","hentry","category-politica-de-principios","tag-juan-jose-rodriguez-prats-2","wp-image-borders"],"amp_enabled":true,"_links":{"self":[{"href":"https:\/\/nvnoticias.mx\/index.php\/wp-json\/wp\/v2\/posts\/15046","targetHints":{"allow":["GET"]}}],"collection":[{"href":"https:\/\/nvnoticias.mx\/index.php\/wp-json\/wp\/v2\/posts"}],"about":[{"href":"https:\/\/nvnoticias.mx\/index.php\/wp-json\/wp\/v2\/types\/post"}],"author":[{"embeddable":true,"href":"https:\/\/nvnoticias.mx\/index.php\/wp-json\/wp\/v2\/users\/17"}],"replies":[{"embeddable":true,"href":"https:\/\/nvnoticias.mx\/index.php\/wp-json\/wp\/v2\/comments?post=15046"}],"version-history":[{"count":1,"href":"https:\/\/nvnoticias.mx\/index.php\/wp-json\/wp\/v2\/posts\/15046\/revisions"}],"predecessor-version":[{"id":15047,"href":"https:\/\/nvnoticias.mx\/index.php\/wp-json\/wp\/v2\/posts\/15046\/revisions\/15047"}],"wp:featuredmedia":[{"embeddable":true,"href":"https:\/\/nvnoticias.mx\/index.php\/wp-json\/wp\/v2\/media\/8892"}],"wp:attachment":[{"href":"https:\/\/nvnoticias.mx\/index.php\/wp-json\/wp\/v2\/media?parent=15046"}],"wp:term":[{"taxonomy":"category","embeddable":true,"href":"https:\/\/nvnoticias.mx\/index.php\/wp-json\/wp\/v2\/categories?post=15046"},{"taxonomy":"post_tag","embeddable":true,"href":"https:\/\/nvnoticias.mx\/index.php\/wp-json\/wp\/v2\/tags?post=15046"}],"curies":[{"name":"wp","href":"https:\/\/api.w.org\/{rel}","templated":true}]}}