{"id":150451,"date":"2024-05-29T14:45:16","date_gmt":"2024-05-29T20:45:16","guid":{"rendered":"https:\/\/nvnoticias.mx\/?p=150451"},"modified":"2024-05-29T14:45:18","modified_gmt":"2024-05-29T20:45:18","slug":"blink-182-anuncia-concierto-en-el-foro-sol","status":"publish","type":"post","link":"https:\/\/nvnoticias.mx\/index.php\/2024\/05\/29\/blink-182-anuncia-concierto-en-el-foro-sol\/","title":{"rendered":"Blink-182 anuncia concierto en el Foro Sol"},"content":{"rendered":"\n<p>Blink-182 confirm\u00f3 su triunfal retorno a tierras mexicanas para finales de 2024 luego de que la famosa banda cancelara su visita a M\u00e9xico por problemas de salud de Mark Hoppus.<\/p>\n\n\n\n<p>En medio de la pol\u00e9mica por la interrupci\u00f3n de sus conciertos en el Palacio de los Deportes, ahora la banda integrada tambi\u00e9n por Tom Delonge y Travis Barker confirm\u00f3 un concierto en la Ciudad de M\u00e9xico, te damos todos los detalles.<\/p>\n\n\n\n<p>Ocesa confirm\u00f3 el regreso de Blink-182 para el pr\u00f3ximo 9 de noviembre de 2024 en el emblem\u00e1tico Foro Sol, el cual estar\u00e1 totalmente renovado.<\/p>\n\n\n\n<p>La noticia del regreso de la banda ha generado entusiasmo y preocupaci\u00f3n debido a las \u00faltimas cancelaciones, sin embargo los fan\u00e1ticos que quieran disfrutar del show de Blink-182 en el nuevo escenario del Foro Sol podr\u00e1n hacerlo a trav\u00e9s de la preventa.<\/p>\n\n\n\n<p>La preventa Citibanamex iniciar\u00e1 el 5 de junio a las 14:00 horas, disponible exclusivamente a trav\u00e9s de la p\u00e1gina oficial de Ticketmaster para los tarjetahabientes de este banco.<\/p>\n\n\n\n<p>La venta general de boletos comenzar\u00e1 el 6 de junio, un d\u00eda despu\u00e9s de la preventa, y estar\u00e1 accesible tanto en el mismo sistema de Ticketmaster como en las taquillas del recinto.<\/p>\n\n\n\n<p>Fuente: <a href=\"https:\/\/www.milenio.com\/espectaculos\/musica\/blink-182-en-mexico-anuncia-concierto-en-foro-sol-fecha-preventa\" data-type=\"link\" data-id=\"https:\/\/www.milenio.com\/espectaculos\/musica\/blink-182-en-mexico-anuncia-concierto-en-foro-sol-fecha-preventa\">Milenio<\/a><br><\/p>\n\n\n\n<p><\/p>\n","protected":false},"excerpt":{"rendered":"<p>Blink-182 confirm\u00f3 su triunfal retorno a tierras mexicanas para finales de 2024 luego de que la famosa banda cancelara su visita a M\u00e9xico por problemas de salud de Mark Hoppus. En medio de la pol\u00e9mica por la interrupci\u00f3n de sus conciertos en el Palacio de los Deportes, ahora la banda integrada tambi\u00e9n por Tom Delonge [&hellip;]<\/p>\n","protected":false},"author":35,"featured_media":96256,"comment_status":"open","ping_status":"open","sticky":false,"template":"","format":"standard","meta":{"_monsterinsights_skip_tracking":false,"_monsterinsights_sitenote_active":false,"_monsterinsights_sitenote_note":"","_monsterinsights_sitenote_category":0,"footnotes":""},"categories":[576],"tags":[23505],"class_list":["post-150451","post","type-post","status-publish","format-standard","has-post-thumbnail","hentry","category-ocio","tag-blink-182-2","wp-image-borders"],"amp_enabled":true,"_links":{"self":[{"href":"https:\/\/nvnoticias.mx\/index.php\/wp-json\/wp\/v2\/posts\/150451","targetHints":{"allow":["GET"]}}],"collection":[{"href":"https:\/\/nvnoticias.mx\/index.php\/wp-json\/wp\/v2\/posts"}],"about":[{"href":"https:\/\/nvnoticias.mx\/index.php\/wp-json\/wp\/v2\/types\/post"}],"author":[{"embeddable":true,"href":"https:\/\/nvnoticias.mx\/index.php\/wp-json\/wp\/v2\/users\/35"}],"replies":[{"embeddable":true,"href":"https:\/\/nvnoticias.mx\/index.php\/wp-json\/wp\/v2\/comments?post=150451"}],"version-history":[{"count":1,"href":"https:\/\/nvnoticias.mx\/index.php\/wp-json\/wp\/v2\/posts\/150451\/revisions"}],"predecessor-version":[{"id":150452,"href":"https:\/\/nvnoticias.mx\/index.php\/wp-json\/wp\/v2\/posts\/150451\/revisions\/150452"}],"wp:featuredmedia":[{"embeddable":true,"href":"https:\/\/nvnoticias.mx\/index.php\/wp-json\/wp\/v2\/media\/96256"}],"wp:attachment":[{"href":"https:\/\/nvnoticias.mx\/index.php\/wp-json\/wp\/v2\/media?parent=150451"}],"wp:term":[{"taxonomy":"category","embeddable":true,"href":"https:\/\/nvnoticias.mx\/index.php\/wp-json\/wp\/v2\/categories?post=150451"},{"taxonomy":"post_tag","embeddable":true,"href":"https:\/\/nvnoticias.mx\/index.php\/wp-json\/wp\/v2\/tags?post=150451"}],"curies":[{"name":"wp","href":"https:\/\/api.w.org\/{rel}","templated":true}]}}