{"id":150420,"date":"2024-05-29T12:21:49","date_gmt":"2024-05-29T18:21:49","guid":{"rendered":"https:\/\/nvnoticias.mx\/?p=150420"},"modified":"2024-05-29T12:22:58","modified_gmt":"2024-05-29T18:22:58","slug":"el-nini-acabo-con-la-vida-de-un-informante-de-la-dea-eu","status":"publish","type":"post","link":"https:\/\/nvnoticias.mx\/index.php\/2024\/05\/29\/el-nini-acabo-con-la-vida-de-un-informante-de-la-dea-eu\/","title":{"rendered":"\u2018El Nini\u2019 acab\u00f3 con la vida de un informante de la DEA: EU"},"content":{"rendered":"\n<p>En el distrito sur de Nueva York, el exjefe de sicarios de \u2018Los Chapitos\u2019, N\u00e9stor Isidro P\u00e9rez Salas, est\u00e1 acusado de liderar una organizaci\u00f3n criminal que mat\u00f3 a varias personas, entre ellas, una fuente confidencial de la agencia antinarc\u00f3ticos de Estados Unidos (conocida como DEA por su nombre en ingl\u00e9s).<\/p>\n\n\n\n<p>El capo mexicano, tambi\u00e9n conocido como \u201cEl Nini\u201d, fue se\u00f1alado por Estados Unidos de obstrucci\u00f3n la justicia por el asesinato de un informante, secuestro y muerte de ocho personas. Por si fuera poco, tambi\u00e9n enfrenta cargos de importaci\u00f3n de coca\u00edna, fentanilo y metanfetamina, adem\u00e1s de delitos con armas de fuego y conspiraci\u00f3n para obstruir la justicia por medio de asesinatos.<\/p>\n\n\n\n<p>El procesado, que hab\u00eda sido detenido en Culiac\u00e1n en noviembre de 2023, escuch\u00f3 este martes los cargos presentados por el gobierno estadounidense en una audiencia realizada en Nueva York frente a la magistrada Ona Wang. De ser encontrado culpable, podr\u00eda ser enfrentar una condena m\u00ednima a 10 a\u00f1os de prisi\u00f3n y m\u00e1xima de cadena perpetua.<\/p>\n\n\n\n<p>Fuente: <a href=\"https:\/\/www.elfinanciero.com.mx\/nacional\/2024\/05\/29\/el-nini-exjefe-de-sicarios-de-los-chapitos-asesino-a-un-informante-de-la-dea-acusa-eu\/\" data-type=\"link\" data-id=\"https:\/\/www.elfinanciero.com.mx\/nacional\/2024\/05\/29\/el-nini-exjefe-de-sicarios-de-los-chapitos-asesino-a-un-informante-de-la-dea-acusa-eu\/\">El Financiero<\/a><br><\/p>\n","protected":false},"excerpt":{"rendered":"<p>En el distrito sur de Nueva York, el exjefe de sicarios de \u2018Los Chapitos\u2019, N\u00e9stor Isidro P\u00e9rez Salas, est\u00e1 acusado de liderar una organizaci\u00f3n criminal que mat\u00f3 a varias personas, entre ellas, una fuente confidencial de la agencia antinarc\u00f3ticos de Estados Unidos (conocida como DEA por su nombre en ingl\u00e9s). El capo mexicano, tambi\u00e9n conocido [&hellip;]<\/p>\n","protected":false},"author":35,"featured_media":54261,"comment_status":"open","ping_status":"open","sticky":false,"template":"","format":"standard","meta":{"_monsterinsights_skip_tracking":false,"_monsterinsights_sitenote_active":false,"_monsterinsights_sitenote_note":"","_monsterinsights_sitenote_category":0,"footnotes":""},"categories":[181],"tags":[478,28377,183,162],"class_list":["post-150420","post","type-post","status-publish","format-standard","has-post-thumbnail","hentry","category-internacional","tag-dea","tag-el-nini","tag-estados-unidos","tag-portada","wp-image-borders"],"amp_enabled":true,"_links":{"self":[{"href":"https:\/\/nvnoticias.mx\/index.php\/wp-json\/wp\/v2\/posts\/150420","targetHints":{"allow":["GET"]}}],"collection":[{"href":"https:\/\/nvnoticias.mx\/index.php\/wp-json\/wp\/v2\/posts"}],"about":[{"href":"https:\/\/nvnoticias.mx\/index.php\/wp-json\/wp\/v2\/types\/post"}],"author":[{"embeddable":true,"href":"https:\/\/nvnoticias.mx\/index.php\/wp-json\/wp\/v2\/users\/35"}],"replies":[{"embeddable":true,"href":"https:\/\/nvnoticias.mx\/index.php\/wp-json\/wp\/v2\/comments?post=150420"}],"version-history":[{"count":2,"href":"https:\/\/nvnoticias.mx\/index.php\/wp-json\/wp\/v2\/posts\/150420\/revisions"}],"predecessor-version":[{"id":150422,"href":"https:\/\/nvnoticias.mx\/index.php\/wp-json\/wp\/v2\/posts\/150420\/revisions\/150422"}],"wp:featuredmedia":[{"embeddable":true,"href":"https:\/\/nvnoticias.mx\/index.php\/wp-json\/wp\/v2\/media\/54261"}],"wp:attachment":[{"href":"https:\/\/nvnoticias.mx\/index.php\/wp-json\/wp\/v2\/media?parent=150420"}],"wp:term":[{"taxonomy":"category","embeddable":true,"href":"https:\/\/nvnoticias.mx\/index.php\/wp-json\/wp\/v2\/categories?post=150420"},{"taxonomy":"post_tag","embeddable":true,"href":"https:\/\/nvnoticias.mx\/index.php\/wp-json\/wp\/v2\/tags?post=150420"}],"curies":[{"name":"wp","href":"https:\/\/api.w.org\/{rel}","templated":true}]}}