{"id":150410,"date":"2024-05-29T11:58:44","date_gmt":"2024-05-29T17:58:44","guid":{"rendered":"https:\/\/nvnoticias.mx\/?p=150410"},"modified":"2024-05-29T11:58:46","modified_gmt":"2024-05-29T17:58:46","slug":"habla-selena-gomez-sobre-su-papel-en-la-pelicula-mas-comentada-de-cannes","status":"publish","type":"post","link":"https:\/\/nvnoticias.mx\/index.php\/2024\/05\/29\/habla-selena-gomez-sobre-su-papel-en-la-pelicula-mas-comentada-de-cannes\/","title":{"rendered":"Habla Selena Gomez sobre su papel en la pel\u00edcula m\u00e1s comentada de Cannes"},"content":{"rendered":"\n<p>Una de las pel\u00edculas estrella de la pasada edici\u00f3n del Festival de Cannes fue la dramedia criminal y musical &#8216;Emilia Perez&#8217;. Lo nuevo de Jacques Audiard se alz\u00f3 con varios premios, entre los que destac\u00f3 el reconocimiento a la brillante interpretaci\u00f3n de Selena Gomez.<\/p>\n\n\n\n<p>&#8216;Emilia Perez&#8217; es una de las pel\u00edculas que m\u00e1s est\u00e1 dando que hablar a ra\u00edz del Festival de Cannes, que le concedi\u00f3 el Premio del Jurado y el de Mejor Actriz ex aequo a las cuatro int\u00e9rpretes femeninas de este ins\u00f3lito musical: Karla Sof\u00eda Gasc\u00f3n, Zoe Salda\u00f1a, Adriana Paz y Selena Gomez.<\/p>\n\n\n\n<p>La cinta nos presenta a una abogada que ve c\u00f3mo su carrera profesional da un vuelco al recibir la inesperada oferta de ayudar al temido jefe de un cartel de la droga a dejar atr\u00e1s su negocio y su antiguo yo para vivir por fin como la mujer que siempre ha so\u00f1ado ser.<\/p>\n\n\n\n<p>Uno de los aspectos m\u00e1s alabados de esta producci\u00f3n ha sido la interpretaci\u00f3n de Selena Gomez que, seg\u00fan ha relatado a The Hollywood Reporter, logr\u00f3 convencer a su director (que ya conoc\u00eda su trabajo en &#8216;Spring Breakers&#8217;) tras hacer una audici\u00f3n estelar por videollamada en Zoom:<\/p>\n\n\n\n<blockquote class=\"wp-block-quote is-layout-flow wp-block-quote-is-layout-flow\">\n<p>&#8220;Hice una audici\u00f3n y (luego no me dijo nada). Hice una interpretaci\u00f3n de infarto en la audici\u00f3n. (Jacques Audiard) quer\u00eda que hiciera uno de los n\u00fameros musicales y yo me rend\u00ed y me entregu\u00e9 por completo a ello. Me qued\u00e9 como: &#8216;Bueno, al menos puedo ir con la cabeza bien alta y decir que lo he dado todo&#8217;. Cuando al fin me pregunt\u00f3 si quer\u00eda formar parte de la pel\u00edcula, estaba muy nerviosa pero tambi\u00e9n euf\u00f3rica&#8221;.<\/p>\n<\/blockquote>\n\n\n\n<blockquote class=\"wp-block-quote is-layout-flow wp-block-quote-is-layout-flow\">\n<p>&#8220;Me he pasado gran parte de mi vida intentando romper los esquemas y la percepci\u00f3n que se tiene de qui\u00e9n soy. Aunque no me importa demasiado, porque no le presto mucha atenci\u00f3n. Jacques, que no sab\u00eda nada de m\u00ed, me dio la oportunidad y crey\u00f3 en m\u00ed simplemente por lo que yo era capaz de hacer, y eso fue algo muy especial para m\u00ed. Creo que es algo muy importante y elijo los proyectos en funci\u00f3n del cineasta, el tipo de contenido y su significado&#8221;.<\/p>\n<\/blockquote>\n","protected":false},"excerpt":{"rendered":"<p>Una de las pel\u00edculas estrella de la pasada edici\u00f3n del Festival de Cannes fue la dramedia criminal y musical &#8216;Emilia Perez&#8217;. Lo nuevo de Jacques Audiard se alz\u00f3 con varios premios, entre los que destac\u00f3 el reconocimiento a la brillante interpretaci\u00f3n de Selena Gomez. &#8216;Emilia Perez&#8217; es una de las pel\u00edculas que m\u00e1s est\u00e1 dando [&hellip;]<\/p>\n","protected":false},"author":35,"featured_media":150412,"comment_status":"open","ping_status":"open","sticky":false,"template":"","format":"standard","meta":{"_monsterinsights_skip_tracking":false,"_monsterinsights_sitenote_active":false,"_monsterinsights_sitenote_note":"","_monsterinsights_sitenote_category":0,"footnotes":""},"categories":[576],"tags":[30067,126],"class_list":["post-150410","post","type-post","status-publish","format-standard","has-post-thumbnail","hentry","category-ocio","tag-emilia-perez","tag-selena-gomez","wp-image-borders"],"amp_enabled":true,"_links":{"self":[{"href":"https:\/\/nvnoticias.mx\/index.php\/wp-json\/wp\/v2\/posts\/150410","targetHints":{"allow":["GET"]}}],"collection":[{"href":"https:\/\/nvnoticias.mx\/index.php\/wp-json\/wp\/v2\/posts"}],"about":[{"href":"https:\/\/nvnoticias.mx\/index.php\/wp-json\/wp\/v2\/types\/post"}],"author":[{"embeddable":true,"href":"https:\/\/nvnoticias.mx\/index.php\/wp-json\/wp\/v2\/users\/35"}],"replies":[{"embeddable":true,"href":"https:\/\/nvnoticias.mx\/index.php\/wp-json\/wp\/v2\/comments?post=150410"}],"version-history":[{"count":1,"href":"https:\/\/nvnoticias.mx\/index.php\/wp-json\/wp\/v2\/posts\/150410\/revisions"}],"predecessor-version":[{"id":150411,"href":"https:\/\/nvnoticias.mx\/index.php\/wp-json\/wp\/v2\/posts\/150410\/revisions\/150411"}],"wp:featuredmedia":[{"embeddable":true,"href":"https:\/\/nvnoticias.mx\/index.php\/wp-json\/wp\/v2\/media\/150412"}],"wp:attachment":[{"href":"https:\/\/nvnoticias.mx\/index.php\/wp-json\/wp\/v2\/media?parent=150410"}],"wp:term":[{"taxonomy":"category","embeddable":true,"href":"https:\/\/nvnoticias.mx\/index.php\/wp-json\/wp\/v2\/categories?post=150410"},{"taxonomy":"post_tag","embeddable":true,"href":"https:\/\/nvnoticias.mx\/index.php\/wp-json\/wp\/v2\/tags?post=150410"}],"curies":[{"name":"wp","href":"https:\/\/api.w.org\/{rel}","templated":true}]}}