{"id":150388,"date":"2024-05-29T10:07:46","date_gmt":"2024-05-29T16:07:46","guid":{"rendered":"https:\/\/nvnoticias.mx\/?p=150388"},"modified":"2024-05-29T10:07:48","modified_gmt":"2024-05-29T16:07:48","slug":"cerraran-clara-brugada-y-claudia-sheinbaum-campana-en-el-zocalo-con-mitin-y-concierto-de-los-angeles-azules","status":"publish","type":"post","link":"https:\/\/nvnoticias.mx\/index.php\/2024\/05\/29\/cerraran-clara-brugada-y-claudia-sheinbaum-campana-en-el-zocalo-con-mitin-y-concierto-de-los-angeles-azules\/","title":{"rendered":"Cerrar\u00e1n Clara Brugada y Claudia Sheinbaum campa\u00f1a en el Z\u00f3calo con mitin y concierto de Los \u00c1ngeles Azules"},"content":{"rendered":"\n<p>Clara Brugada, candidata de la coalici\u00f3n \u201cSigamos Haciendo Historia\u201d, integrada por Morena, PT y PVEM, cerrar\u00e1 su campa\u00f1a electoral con un mitin en la plancha del Z\u00f3calo de la CDMX, junto a la abanderada a la Presidencia de la Rep\u00fablica, Claudia Sheinbaum.<\/p>\n\n\n\n<p>El encuentro -que ser\u00e1 muy similar al arranque de campa\u00f1a de las candidatas que tambi\u00e9n se realiz\u00f3 en el Z\u00f3calo-, tendr\u00e1 lugar a las 16:00 horas de este mi\u00e9rcoles 29 de mayo.<\/p>\n\n\n\n<p>Tras los mensajes de las candidatas morenistas, los asistentes al mitin podr\u00e1n disfrutar de las canciones m\u00e1s populares de Los \u00c1ngeles Azules que ofrecer\u00e1n un concierto para cerrar el \u00faltimo evento de campa\u00f1a, previo a la veda electoral que inicia este jueves y las votaciones del domingo 2 de junio.<\/p>\n\n\n\n<p>En los \u00faltimos d\u00edas, Brugada Molina acompa\u00f1\u00f3 a los aspirantes morenistas a las alcald\u00edas de la CDMX en sus cierres de campa\u00f1a, en donde aprovech\u00f3 para dar a conocer sus propuestas. Estuvo presente en el cierre de Hannah de Lamadrid, candidata a Coyoac\u00e1n, y junto a Circe Camacho, quien aspira gobernar Xochimilco.<\/p>\n\n\n\n<p>Fuente: El <a href=\"https:\/\/www.eluniversal.com.mx\/elecciones\/clara-brugada-y-claudia-sheinbaum-cerraran-campana-en-el-zocalo-con-mitin-y-concierto-de-los-angeles-azules\/\" data-type=\"link\" data-id=\"https:\/\/www.eluniversal.com.mx\/elecciones\/clara-brugada-y-claudia-sheinbaum-cerraran-campana-en-el-zocalo-con-mitin-y-concierto-de-los-angeles-azules\/\">Universal<\/a><br><\/p>\n","protected":false},"excerpt":{"rendered":"<p>Clara Brugada, candidata de la coalici\u00f3n \u201cSigamos Haciendo Historia\u201d, integrada por Morena, PT y PVEM, cerrar\u00e1 su campa\u00f1a electoral con un mitin en la plancha del Z\u00f3calo de la CDMX, junto a la abanderada a la Presidencia de la Rep\u00fablica, Claudia Sheinbaum. El encuentro -que ser\u00e1 muy similar al arranque de campa\u00f1a de las candidatas [&hellip;]<\/p>\n","protected":false},"author":35,"featured_media":150390,"comment_status":"open","ping_status":"open","sticky":false,"template":"","format":"standard","meta":{"_monsterinsights_skip_tracking":false,"_monsterinsights_sitenote_active":false,"_monsterinsights_sitenote_note":"","_monsterinsights_sitenote_category":0,"footnotes":""},"categories":[158],"tags":[20034,2801],"class_list":["post-150388","post","type-post","status-publish","format-standard","has-post-thumbnail","hentry","category-politica","tag-clara-brugada","tag-claudia-sheinbaum","wp-image-borders"],"amp_enabled":true,"_links":{"self":[{"href":"https:\/\/nvnoticias.mx\/index.php\/wp-json\/wp\/v2\/posts\/150388","targetHints":{"allow":["GET"]}}],"collection":[{"href":"https:\/\/nvnoticias.mx\/index.php\/wp-json\/wp\/v2\/posts"}],"about":[{"href":"https:\/\/nvnoticias.mx\/index.php\/wp-json\/wp\/v2\/types\/post"}],"author":[{"embeddable":true,"href":"https:\/\/nvnoticias.mx\/index.php\/wp-json\/wp\/v2\/users\/35"}],"replies":[{"embeddable":true,"href":"https:\/\/nvnoticias.mx\/index.php\/wp-json\/wp\/v2\/comments?post=150388"}],"version-history":[{"count":1,"href":"https:\/\/nvnoticias.mx\/index.php\/wp-json\/wp\/v2\/posts\/150388\/revisions"}],"predecessor-version":[{"id":150389,"href":"https:\/\/nvnoticias.mx\/index.php\/wp-json\/wp\/v2\/posts\/150388\/revisions\/150389"}],"wp:featuredmedia":[{"embeddable":true,"href":"https:\/\/nvnoticias.mx\/index.php\/wp-json\/wp\/v2\/media\/150390"}],"wp:attachment":[{"href":"https:\/\/nvnoticias.mx\/index.php\/wp-json\/wp\/v2\/media?parent=150388"}],"wp:term":[{"taxonomy":"category","embeddable":true,"href":"https:\/\/nvnoticias.mx\/index.php\/wp-json\/wp\/v2\/categories?post=150388"},{"taxonomy":"post_tag","embeddable":true,"href":"https:\/\/nvnoticias.mx\/index.php\/wp-json\/wp\/v2\/tags?post=150388"}],"curies":[{"name":"wp","href":"https:\/\/api.w.org\/{rel}","templated":true}]}}