{"id":150384,"date":"2024-05-29T09:51:42","date_gmt":"2024-05-29T15:51:42","guid":{"rendered":"https:\/\/nvnoticias.mx\/?p=150384"},"modified":"2024-05-29T09:51:44","modified_gmt":"2024-05-29T15:51:44","slug":"adelanta-amlo-que-el-proximo-2-de-junio-acudira-a-votar-muy-temprano-como-cualquier-ciudadano","status":"publish","type":"post","link":"https:\/\/nvnoticias.mx\/index.php\/2024\/05\/29\/adelanta-amlo-que-el-proximo-2-de-junio-acudira-a-votar-muy-temprano-como-cualquier-ciudadano\/","title":{"rendered":"Adelanta AMLO que el pr\u00f3ximo 2 de junio acudir\u00e1 a votar \u201cmuy temprano\u201d como cualquier ciudadano"},"content":{"rendered":"\n<p>El presidente Andr\u00e9s Manuel L\u00f3pez Obrador adelant\u00f3 que el pr\u00f3ximo 2 de junio se formar\u00e1 y acudir\u00e1 a votar \u201cmuy temprano\u201d como cualquier ciudadano.<\/p>\n\n\n\n<p>El presidente L\u00f3pez Obrador y su esposa, la doctora Beatriz Guti\u00e9rrez M\u00fcller, han acudido a emitir su voto a una casilla que se instala en el Museo de la Secretar\u00eda de Hacienda, en la calle de Moneda, a un costado de Palacio Nacional.<\/p>\n\n\n\n<blockquote class=\"wp-block-quote is-layout-flow wp-block-quote-is-layout-flow\">\n<p>\u201cTemprano lo m\u00e1s temprano que se pueda, desde luego tardan en instalar siempre la casilla, pero voy a procurar estar desde un poco antes de las ocho\u2026 s\u00ed me formo para esperar\u201d.<\/p>\n<\/blockquote>\n\n\n\n<p>En conferencia de prensa, el Mandatario dijo que el s\u00e1bado 1 de junio viajar\u00e1 al complejo de las Islas Mar\u00edas donde en una ceremonia privada conmemorar\u00e1 el D\u00eda de la Marina, pero por la tarde regresar\u00e1 a Palacio Nacional.<\/p>\n\n\n\n<p>En tono ir\u00f3nico, el presidente L\u00f3pez Obrado celebr\u00f3 que ni jueves ni viernes habr\u00e1 conferencias ma\u00f1aneras para sujetarse a la veda electoral.<\/p>\n\n\n\n<p>Fuente: El <a href=\"https:\/\/www.eluniversal.com.mx\/nacion\/amlo-adelanta-que-el-proximo-2-de-junio-acudira-a-votar-muy-temprano-como-cualquier-ciudadano\/\" data-type=\"link\" data-id=\"https:\/\/www.eluniversal.com.mx\/nacion\/amlo-adelanta-que-el-proximo-2-de-junio-acudira-a-votar-muy-temprano-como-cualquier-ciudadano\/\">Universal<\/a><br><br><\/p>\n","protected":false},"excerpt":{"rendered":"<p>El presidente Andr\u00e9s Manuel L\u00f3pez Obrador adelant\u00f3 que el pr\u00f3ximo 2 de junio se formar\u00e1 y acudir\u00e1 a votar \u201cmuy temprano\u201d como cualquier ciudadano. El presidente L\u00f3pez Obrador y su esposa, la doctora Beatriz Guti\u00e9rrez M\u00fcller, han acudido a emitir su voto a una casilla que se instala en el Museo de la Secretar\u00eda de [&hellip;]<\/p>\n","protected":false},"author":35,"featured_media":135968,"comment_status":"open","ping_status":"open","sticky":false,"template":"","format":"standard","meta":{"_monsterinsights_skip_tracking":false,"_monsterinsights_sitenote_active":false,"_monsterinsights_sitenote_note":"","_monsterinsights_sitenote_category":0,"footnotes":""},"categories":[158],"tags":[21278,188,4248],"class_list":["post-150384","post","type-post","status-publish","format-standard","has-post-thumbnail","hentry","category-politica","tag-acudira","tag-amlo","tag-votar","wp-image-borders"],"amp_enabled":true,"_links":{"self":[{"href":"https:\/\/nvnoticias.mx\/index.php\/wp-json\/wp\/v2\/posts\/150384","targetHints":{"allow":["GET"]}}],"collection":[{"href":"https:\/\/nvnoticias.mx\/index.php\/wp-json\/wp\/v2\/posts"}],"about":[{"href":"https:\/\/nvnoticias.mx\/index.php\/wp-json\/wp\/v2\/types\/post"}],"author":[{"embeddable":true,"href":"https:\/\/nvnoticias.mx\/index.php\/wp-json\/wp\/v2\/users\/35"}],"replies":[{"embeddable":true,"href":"https:\/\/nvnoticias.mx\/index.php\/wp-json\/wp\/v2\/comments?post=150384"}],"version-history":[{"count":1,"href":"https:\/\/nvnoticias.mx\/index.php\/wp-json\/wp\/v2\/posts\/150384\/revisions"}],"predecessor-version":[{"id":150385,"href":"https:\/\/nvnoticias.mx\/index.php\/wp-json\/wp\/v2\/posts\/150384\/revisions\/150385"}],"wp:featuredmedia":[{"embeddable":true,"href":"https:\/\/nvnoticias.mx\/index.php\/wp-json\/wp\/v2\/media\/135968"}],"wp:attachment":[{"href":"https:\/\/nvnoticias.mx\/index.php\/wp-json\/wp\/v2\/media?parent=150384"}],"wp:term":[{"taxonomy":"category","embeddable":true,"href":"https:\/\/nvnoticias.mx\/index.php\/wp-json\/wp\/v2\/categories?post=150384"},{"taxonomy":"post_tag","embeddable":true,"href":"https:\/\/nvnoticias.mx\/index.php\/wp-json\/wp\/v2\/tags?post=150384"}],"curies":[{"name":"wp","href":"https:\/\/api.w.org\/{rel}","templated":true}]}}