{"id":150354,"date":"2024-05-28T19:51:52","date_gmt":"2024-05-29T01:51:52","guid":{"rendered":"https:\/\/nvnoticias.mx\/?p=150354"},"modified":"2024-05-28T19:51:54","modified_gmt":"2024-05-29T01:51:54","slug":"talan-arbol-de-80-anos-de-antiguedad-en-fraccionamiento-de-veracruz","status":"publish","type":"post","link":"https:\/\/nvnoticias.mx\/index.php\/2024\/05\/28\/talan-arbol-de-80-anos-de-antiguedad-en-fraccionamiento-de-veracruz\/","title":{"rendered":"Talan \u00e1rbol de 80 a\u00f1os de antig\u00fcedad en fraccionamiento de Veracruz"},"content":{"rendered":"\n<p><\/p>\n\n\n\n<p><strong>\u00c1ngel Hern\u00e1ndez \/ NV Noticias<\/strong><\/p>\n\n\n\n<p>Este martes fue talado un \u00e1rbol de tamarindo que ten\u00eda 80 a\u00f1os de edad en el Puerto de Veracruz, esto a pesar de la ola de calor que azota a la regi\u00f3n.<\/p>\n\n\n\n<p>Debido a que supuestamente las ramas, el tronco y la copa da\u00f1aban la imagen de un negocio ubicado sobre la avenida 2 de abril, en el fraccionamiento Reforma, un ciudadano mand\u00f3 a talar este viejo \u00e1rbol, teniendo la aprobaci\u00f3n de las autoridades municipales.<\/p>\n\n\n\n<p>El ayuntamiento porte\u00f1o accedi\u00f3 a la petici\u00f3n del particular y cort\u00f3 este d\u00eda el cig\u00fce\u00f1al que proteg\u00eda la calle de los intensos rayos del sol.<\/p>\n\n\n\n<p>Este acto provoc\u00f3 la indignaci\u00f3n de los vecinos de la zona, ya que el \u00e1rbol era de gran ayuda, pues serv\u00eda como sombra para las personas durante los \u00faltimos d\u00edas en que se han registrado temperaturas elevadas.<\/p>\n\n\n\n<p>Aseguran que no representaba ning\u00fan riesgo en la zona, por lo que desaprueban que el ayuntamiento siga otorgando permisos para poder talar \u00e1rboles a pesar de las campa\u00f1as donde se invita a sembrarlos en lugar de cortarlos debido a la temporada de calor.<\/p>\n","protected":false},"excerpt":{"rendered":"<p>\u00c1ngel Hern\u00e1ndez \/ NV Noticias Este martes fue talado un \u00e1rbol de tamarindo que ten\u00eda 80 a\u00f1os de edad en el Puerto de Veracruz, esto a pesar de la ola de calor que azota a la regi\u00f3n. Debido a que supuestamente las ramas, el tronco y la copa da\u00f1aban la imagen de un negocio ubicado [&hellip;]<\/p>\n","protected":false},"author":8,"featured_media":150357,"comment_status":"open","ping_status":"open","sticky":false,"template":"","format":"standard","meta":{"_monsterinsights_skip_tracking":false,"_monsterinsights_sitenote_active":false,"_monsterinsights_sitenote_note":"","_monsterinsights_sitenote_category":0,"footnotes":""},"categories":[154],"tags":[11803,15860,180],"class_list":["post-150354","post","type-post","status-publish","format-standard","has-post-thumbnail","hentry","category-veracruz","tag-arbol","tag-tala-de-arboles","tag-veracruz","wp-image-borders"],"amp_enabled":true,"_links":{"self":[{"href":"https:\/\/nvnoticias.mx\/index.php\/wp-json\/wp\/v2\/posts\/150354","targetHints":{"allow":["GET"]}}],"collection":[{"href":"https:\/\/nvnoticias.mx\/index.php\/wp-json\/wp\/v2\/posts"}],"about":[{"href":"https:\/\/nvnoticias.mx\/index.php\/wp-json\/wp\/v2\/types\/post"}],"author":[{"embeddable":true,"href":"https:\/\/nvnoticias.mx\/index.php\/wp-json\/wp\/v2\/users\/8"}],"replies":[{"embeddable":true,"href":"https:\/\/nvnoticias.mx\/index.php\/wp-json\/wp\/v2\/comments?post=150354"}],"version-history":[{"count":1,"href":"https:\/\/nvnoticias.mx\/index.php\/wp-json\/wp\/v2\/posts\/150354\/revisions"}],"predecessor-version":[{"id":150355,"href":"https:\/\/nvnoticias.mx\/index.php\/wp-json\/wp\/v2\/posts\/150354\/revisions\/150355"}],"wp:featuredmedia":[{"embeddable":true,"href":"https:\/\/nvnoticias.mx\/index.php\/wp-json\/wp\/v2\/media\/150357"}],"wp:attachment":[{"href":"https:\/\/nvnoticias.mx\/index.php\/wp-json\/wp\/v2\/media?parent=150354"}],"wp:term":[{"taxonomy":"category","embeddable":true,"href":"https:\/\/nvnoticias.mx\/index.php\/wp-json\/wp\/v2\/categories?post=150354"},{"taxonomy":"post_tag","embeddable":true,"href":"https:\/\/nvnoticias.mx\/index.php\/wp-json\/wp\/v2\/tags?post=150354"}],"curies":[{"name":"wp","href":"https:\/\/api.w.org\/{rel}","templated":true}]}}