{"id":150331,"date":"2024-05-28T15:05:02","date_gmt":"2024-05-28T21:05:02","guid":{"rendered":"https:\/\/nvnoticias.mx\/?p=150331"},"modified":"2024-05-28T15:05:04","modified_gmt":"2024-05-28T21:05:04","slug":"acusan-grupos-lgbt-que-ivan-duran-chincoya-no-hizo-nada-a-favor-de-la-comunidad-lgbt","status":"publish","type":"post","link":"https:\/\/nvnoticias.mx\/index.php\/2024\/05\/28\/acusan-grupos-lgbt-que-ivan-duran-chincoya-no-hizo-nada-a-favor-de-la-comunidad-lgbt\/","title":{"rendered":"Acusan grupos LGBT que Iv\u00e1n Dur\u00e1n Chincoya no hizo nada a favor de la comunidad LGBT"},"content":{"rendered":"\n<p><\/p>\n\n\n\n<p><strong>Jes\u00fas Utrilla \/ NV Noticias<\/strong><\/p>\n\n\n\n<p>Alfredo Ram\u00edrez Dur\u00e1n, candidato a diputado local plurinomina por el PRI, consider\u00f3 que Iv\u00e1n Dur\u00e1n Chincoya no hizo nada a favor de la comunidad LGBT, como diputado local. <\/p>\n\n\n\n<p>Les argument\u00f3 que quiso subir iniciativas pero que supuestamente no lo respaldaron desde el partido y gobierno del estado. <\/p>\n\n\n\n<p>Por ello dijeron que apoyar\u00e1n a Jos\u00e9 Yunes Zorrilla a que gane las elecciones y tambi\u00e9n a los candidatos a legisladores de Fuerza y Coraz\u00f3n por Veracruz.<\/p>\n\n\n\n<blockquote class=\"wp-block-quote is-layout-flow wp-block-quote-is-layout-flow\">\n<p><em>\u201cDesde hace cuatros a\u00f1os le hemos presentado a Pepe Yunes nuestra agenda. Hemos ido construyendo a lo largo de cuatro a\u00f1os en el PRI. Es un partido de inclusi\u00f3n y con causa\u201d.<\/em><\/p>\n<\/blockquote>\n\n\n\n<p>Consider\u00f3 que Iv\u00e1n Dur\u00e1n Chincoya solo usurp\u00f3 una identidad, ya que se dijo no binario para ocupar de los primeros lugares en la lista de plurinominales.<\/p>\n\n\n\n<p>Insistieron en que es importante crear condiciones para avanzar en temas de diversidad y garantizar los derechos humanos de todos. <\/p>\n\n\n\n<p>Afirmaron que adem\u00e1s de un buen gobernador se necesita contar con legisladores que representen verdaderamente a la comunidad LGBT. <\/p>\n\n\n\n<p>Ala\u00edn Jim\u00e9nez, defensor de los derechos humanos de la comunidad LGBT, dijo que le presentaron las propuestas a Jos\u00e9 Yunes Zorrilla, quien los escuch\u00f3 y se comprometi\u00f3 a gobernar a favor de la comunidad<\/p>\n","protected":false},"excerpt":{"rendered":"<p>Jes\u00fas Utrilla \/ NV Noticias Alfredo Ram\u00edrez Dur\u00e1n, candidato a diputado local plurinomina por el PRI, consider\u00f3 que Iv\u00e1n Dur\u00e1n Chincoya no hizo nada a favor de la comunidad LGBT, como diputado local. Les argument\u00f3 que quiso subir iniciativas pero que supuestamente no lo respaldaron desde el partido y gobierno del estado. Por ello dijeron [&hellip;]<\/p>\n","protected":false},"author":8,"featured_media":150332,"comment_status":"open","ping_status":"open","sticky":false,"template":"","format":"standard","meta":{"_monsterinsights_skip_tracking":false,"_monsterinsights_sitenote_active":false,"_monsterinsights_sitenote_note":"","_monsterinsights_sitenote_category":0,"footnotes":""},"categories":[154],"tags":[30125,3761,30124],"class_list":["post-150331","post","type-post","status-publish","format-standard","has-post-thumbnail","hentry","category-veracruz","tag-diputade","tag-gonzalo-ivan-duran-chincoya","tag-grupos-lgbt","wp-image-borders"],"amp_enabled":true,"_links":{"self":[{"href":"https:\/\/nvnoticias.mx\/index.php\/wp-json\/wp\/v2\/posts\/150331","targetHints":{"allow":["GET"]}}],"collection":[{"href":"https:\/\/nvnoticias.mx\/index.php\/wp-json\/wp\/v2\/posts"}],"about":[{"href":"https:\/\/nvnoticias.mx\/index.php\/wp-json\/wp\/v2\/types\/post"}],"author":[{"embeddable":true,"href":"https:\/\/nvnoticias.mx\/index.php\/wp-json\/wp\/v2\/users\/8"}],"replies":[{"embeddable":true,"href":"https:\/\/nvnoticias.mx\/index.php\/wp-json\/wp\/v2\/comments?post=150331"}],"version-history":[{"count":1,"href":"https:\/\/nvnoticias.mx\/index.php\/wp-json\/wp\/v2\/posts\/150331\/revisions"}],"predecessor-version":[{"id":150333,"href":"https:\/\/nvnoticias.mx\/index.php\/wp-json\/wp\/v2\/posts\/150331\/revisions\/150333"}],"wp:featuredmedia":[{"embeddable":true,"href":"https:\/\/nvnoticias.mx\/index.php\/wp-json\/wp\/v2\/media\/150332"}],"wp:attachment":[{"href":"https:\/\/nvnoticias.mx\/index.php\/wp-json\/wp\/v2\/media?parent=150331"}],"wp:term":[{"taxonomy":"category","embeddable":true,"href":"https:\/\/nvnoticias.mx\/index.php\/wp-json\/wp\/v2\/categories?post=150331"},{"taxonomy":"post_tag","embeddable":true,"href":"https:\/\/nvnoticias.mx\/index.php\/wp-json\/wp\/v2\/tags?post=150331"}],"curies":[{"name":"wp","href":"https:\/\/api.w.org\/{rel}","templated":true}]}}