{"id":15030,"date":"2021-06-02T16:40:12","date_gmt":"2021-06-02T21:40:12","guid":{"rendered":"https:\/\/nvnoticias.mx\/?p=15030"},"modified":"2021-06-02T16:40:13","modified_gmt":"2021-06-02T21:40:13","slug":"listo-el-plan-dn-iii-ante-la-temporada-de-lluvias","status":"publish","type":"post","link":"https:\/\/nvnoticias.mx\/index.php\/2021\/06\/02\/listo-el-plan-dn-iii-ante-la-temporada-de-lluvias\/","title":{"rendered":"Listo el Plan DN-III ante la temporada de lluvias"},"content":{"rendered":"\n<p><strong>Jes\u00fas Utrilla \/ NV Noticias<\/strong>&nbsp;<\/p>\n\n\n\n<p>La Secretar\u00eda de la Defensa Nacional se encuentra lista con el Plan DN-III-E, para apoyar a la poblaci\u00f3n civil ante el inicio de la temporada de tormentas y huracanes.&nbsp;<\/p>\n\n\n\n<p>El teniente coronel de Infanter\u00eda, Diplomado de Estado Mayor, Zen\u00f3n Cisneros Mart\u00ednez, subjefe del Estado de Mayor de la 26 zona militar en el&nbsp;Lencero,afirm\u00f3&nbsp;que cuentan con el equipo y adiestramiento necesario para salvaguardar a la poblaci\u00f3n ante cualquier contingencia.&nbsp;<\/p>\n\n\n\n<blockquote class=\"wp-block-quote is-layout-flow wp-block-quote-is-layout-flow\"><p>\u201cNo actuamos solo, hay otras instituciones como es precisamente Protecci\u00f3n Civil y junto con ellos tenemos un mapa, y un atlas de riesgo al que obedece nuestro enfoque y despliegue para ayudar a la poblaci\u00f3n\u201d.\u00a0<\/p><\/blockquote>\n\n\n\n<p>El personal se mantendr\u00e1 a disposici\u00f3n del Plan DN-III-E, sin embargo, el esquema opera permanente como en Mart\u00ednez de la Torre, donde por las fuertes lluvias hubo la necesidad de prestar ayuda.&nbsp;<\/p>\n\n\n\n<p>Lo mismo se hizo en Xalapa por las precipitaciones pluviales y en el Pico de Orizaba por un incendio.&nbsp;<\/p>\n\n\n\n<blockquote class=\"wp-block-quote is-layout-flow wp-block-quote-is-layout-flow\"><p>\u201cCuando ocurren ese tipo de eventos sean hidrometeorol\u00f3gicos, o sean de\u00a0otro origen, el Ejercito tiene la orden de acudir de manera inmediata con todos los medios a su disposici\u00f3n para ayudar a la poblaci\u00f3n\u201d.\u00a0<\/p><\/blockquote>\n\n\n\n<p>El 17 de junio el Plan DN-III-E cumplir\u00e1 su 55 aniversario.&nbsp;<\/p>\n","protected":false},"excerpt":{"rendered":"<p>Jes\u00fas Utrilla \/ NV Noticias&nbsp; La Secretar\u00eda de la Defensa Nacional se encuentra lista con el Plan DN-III-E, para apoyar a la poblaci\u00f3n civil ante el inicio de la temporada de tormentas y huracanes.&nbsp; El teniente coronel de Infanter\u00eda, Diplomado de Estado Mayor, Zen\u00f3n Cisneros Mart\u00ednez, subjefe del Estado de Mayor de la 26 zona [&hellip;]<\/p>\n","protected":false},"author":6,"featured_media":15031,"comment_status":"open","ping_status":"open","sticky":false,"template":"","format":"standard","meta":{"_monsterinsights_skip_tracking":false,"_monsterinsights_sitenote_active":false,"_monsterinsights_sitenote_note":"","_monsterinsights_sitenote_category":0,"footnotes":""},"categories":[154],"tags":[3332,4149,2442],"class_list":["post-15030","post","type-post","status-publish","format-standard","has-post-thumbnail","hentry","category-veracruz","tag-lluvias","tag-plan-dn-iii-e","tag-secretario-de-defensa","wp-image-borders"],"amp_enabled":true,"_links":{"self":[{"href":"https:\/\/nvnoticias.mx\/index.php\/wp-json\/wp\/v2\/posts\/15030","targetHints":{"allow":["GET"]}}],"collection":[{"href":"https:\/\/nvnoticias.mx\/index.php\/wp-json\/wp\/v2\/posts"}],"about":[{"href":"https:\/\/nvnoticias.mx\/index.php\/wp-json\/wp\/v2\/types\/post"}],"author":[{"embeddable":true,"href":"https:\/\/nvnoticias.mx\/index.php\/wp-json\/wp\/v2\/users\/6"}],"replies":[{"embeddable":true,"href":"https:\/\/nvnoticias.mx\/index.php\/wp-json\/wp\/v2\/comments?post=15030"}],"version-history":[{"count":1,"href":"https:\/\/nvnoticias.mx\/index.php\/wp-json\/wp\/v2\/posts\/15030\/revisions"}],"predecessor-version":[{"id":15032,"href":"https:\/\/nvnoticias.mx\/index.php\/wp-json\/wp\/v2\/posts\/15030\/revisions\/15032"}],"wp:featuredmedia":[{"embeddable":true,"href":"https:\/\/nvnoticias.mx\/index.php\/wp-json\/wp\/v2\/media\/15031"}],"wp:attachment":[{"href":"https:\/\/nvnoticias.mx\/index.php\/wp-json\/wp\/v2\/media?parent=15030"}],"wp:term":[{"taxonomy":"category","embeddable":true,"href":"https:\/\/nvnoticias.mx\/index.php\/wp-json\/wp\/v2\/categories?post=15030"},{"taxonomy":"post_tag","embeddable":true,"href":"https:\/\/nvnoticias.mx\/index.php\/wp-json\/wp\/v2\/tags?post=15030"}],"curies":[{"name":"wp","href":"https:\/\/api.w.org\/{rel}","templated":true}]}}