{"id":150289,"date":"2024-05-28T11:47:25","date_gmt":"2024-05-28T17:47:25","guid":{"rendered":"https:\/\/nvnoticias.mx\/?p=150289"},"modified":"2024-05-28T11:47:28","modified_gmt":"2024-05-28T17:47:28","slug":"advierte-putin-graves-consecuencias-y-amenaza-a-europa-ante-posible-uso-de-armamento-de-la-otan-en-territorio-ruso","status":"publish","type":"post","link":"https:\/\/nvnoticias.mx\/index.php\/2024\/05\/28\/advierte-putin-graves-consecuencias-y-amenaza-a-europa-ante-posible-uso-de-armamento-de-la-otan-en-territorio-ruso\/","title":{"rendered":"Advierte Putin &#8220;graves consecuencias&#8221; y amenaza a Europa ante posible uso de armamento de la OTAN en territorio ruso"},"content":{"rendered":"\n<p>El presidente ruso, Vlad\u00edmir Putin, amenaz\u00f3 a Europa con &#8220;graves consecuencias&#8221; en caso de que los pa\u00edses de la OTAN permitan a Ucrania el uso de armamento occidental contra objetivos en territorio ruso.<\/p>\n\n\n\n<p>&#8220;Estos representantes de los pa\u00edses de la OTAN, especialmente en Europa, especialmente en pa\u00edses peque\u00f1os, deben ser conscientes de con qu\u00e9 est\u00e1n jugando. Deben recordar que, por regla general, se trata de Estados con territorios peque\u00f1os, pero densamente poblados&#8221;, dijo Putin en rueda de prensa al t\u00e9rmino de su visita a Uzbekist\u00e1n.<\/p>\n\n\n\n<p>Putin subray\u00f3 que &#8220;ese factor es el que deben tener en cuenta antes de hablar sobre el lanzamiento de ataques contra el interior de territorio ruso&#8221;.<\/p>\n\n\n\n<p>&#8220;Esta constante escalada puede tener graves consecuencias y si esas graves consecuencias se hacen notar en Europa, \u00bfc\u00f3mo reaccionar\u00e1 Estados Unidos?&#8221;, dijo Putin, quien aludi\u00f3 a la paridad nuclear entre ambas superpotencias.<\/p>\n\n\n\n<p>Agreg\u00f3: &#8220;\u00bfAcaso desean un conflicto global?&#8221;.<\/p>\n\n\n\n<p>En alusi\u00f3n a las declaraciones del secretario general de la OTAN, Jens Stoltenberg, sobre la necesidad de permitir a Kiev atacar Rusia con armamento occidental, Putin asegur\u00f3 que \u00e9ste no puede no saber que las armas de alta precisi\u00f3n de largo alcance no pueden ser lanzadas sin el empleo de sat\u00e9lites esp\u00edas occidentales.<\/p>\n\n\n\n<p>&#8220;\u00c9l fue primer ministro de Noruega. Nos reunimos y solucionamos asuntos complicados sobre el mar de Barents y otros. En general pudimos llegar a acuerdos. Entonces, estaba seguro de que no sufr\u00eda de demencia&#8221;, afirm\u00f3.<\/p>\n\n\n\n<p>Putin subray\u00f3 que la elecci\u00f3n de los objetivos s\u00f3lo puede ser realizada por &#8220;especialistas altamente cualificados&#8221; y destac\u00f3 que misiles de crucero Storm Shadow pueden recibir las instrucciones de vuelo &#8220;sin presencia alguna de soldados ucranianos&#8221;.<\/p>\n\n\n\n<p>Subray\u00f3 que los objetivos tambi\u00e9n se pueden introducir autom\u00e1ticamente en el caso de los ATACMS estadounidenses sobre la base de datos satelitales.<\/p>\n\n\n\n<p>&#8220;\u00bfQui\u00e9n hace esto? Lo hacen aquellos que producen y aquellos que supuestamente suministran a Ucrania esos sistemas ofensivos. Esto puede ocurrir y ocurre sin la participaci\u00f3n de los soldados ucranianos&#8221;, se\u00f1al\u00f3.<\/p>\n\n\n\n<p>Subray\u00f3 que esas misiones &#8220;no las preparan los soldados ucranianos, sino los representantes de los pa\u00edses de la OTAN&#8221;.<\/p>\n\n\n\n<p>Fuente: <a href=\"https:\/\/www.eluniversal.com.mx\/mundo\/putin-advierte-graves-consecuencias-y-amenaza-a-europa-ante-posible-uso-de-armamento-de-la-otan-en-territorio-ruso\/\" data-type=\"link\" data-id=\"https:\/\/www.eluniversal.com.mx\/mundo\/putin-advierte-graves-consecuencias-y-amenaza-a-europa-ante-posible-uso-de-armamento-de-la-otan-en-territorio-ruso\/\">El Universal<\/a><br><\/p>\n","protected":false},"excerpt":{"rendered":"<p>El presidente ruso, Vlad\u00edmir Putin, amenaz\u00f3 a Europa con &#8220;graves consecuencias&#8221; en caso de que los pa\u00edses de la OTAN permitan a Ucrania el uso de armamento occidental contra objetivos en territorio ruso. &#8220;Estos representantes de los pa\u00edses de la OTAN, especialmente en Europa, especialmente en pa\u00edses peque\u00f1os, deben ser conscientes de con qu\u00e9 est\u00e1n [&hellip;]<\/p>\n","protected":false},"author":35,"featured_media":100390,"comment_status":"open","ping_status":"open","sticky":false,"template":"","format":"standard","meta":{"_monsterinsights_skip_tracking":false,"_monsterinsights_sitenote_active":false,"_monsterinsights_sitenote_note":"","_monsterinsights_sitenote_category":0,"footnotes":""},"categories":[181],"tags":[4280,27191],"class_list":["post-150289","post","type-post","status-publish","format-standard","has-post-thumbnail","hentry","category-internacional","tag-otan","tag-vladimir-putin-2","wp-image-borders"],"amp_enabled":true,"_links":{"self":[{"href":"https:\/\/nvnoticias.mx\/index.php\/wp-json\/wp\/v2\/posts\/150289","targetHints":{"allow":["GET"]}}],"collection":[{"href":"https:\/\/nvnoticias.mx\/index.php\/wp-json\/wp\/v2\/posts"}],"about":[{"href":"https:\/\/nvnoticias.mx\/index.php\/wp-json\/wp\/v2\/types\/post"}],"author":[{"embeddable":true,"href":"https:\/\/nvnoticias.mx\/index.php\/wp-json\/wp\/v2\/users\/35"}],"replies":[{"embeddable":true,"href":"https:\/\/nvnoticias.mx\/index.php\/wp-json\/wp\/v2\/comments?post=150289"}],"version-history":[{"count":1,"href":"https:\/\/nvnoticias.mx\/index.php\/wp-json\/wp\/v2\/posts\/150289\/revisions"}],"predecessor-version":[{"id":150290,"href":"https:\/\/nvnoticias.mx\/index.php\/wp-json\/wp\/v2\/posts\/150289\/revisions\/150290"}],"wp:featuredmedia":[{"embeddable":true,"href":"https:\/\/nvnoticias.mx\/index.php\/wp-json\/wp\/v2\/media\/100390"}],"wp:attachment":[{"href":"https:\/\/nvnoticias.mx\/index.php\/wp-json\/wp\/v2\/media?parent=150289"}],"wp:term":[{"taxonomy":"category","embeddable":true,"href":"https:\/\/nvnoticias.mx\/index.php\/wp-json\/wp\/v2\/categories?post=150289"},{"taxonomy":"post_tag","embeddable":true,"href":"https:\/\/nvnoticias.mx\/index.php\/wp-json\/wp\/v2\/tags?post=150289"}],"curies":[{"name":"wp","href":"https:\/\/api.w.org\/{rel}","templated":true}]}}