{"id":150280,"date":"2024-05-28T10:04:46","date_gmt":"2024-05-28T16:04:46","guid":{"rendered":"https:\/\/nvnoticias.mx\/?p=150280"},"modified":"2024-05-28T10:04:47","modified_gmt":"2024-05-28T16:04:47","slug":"responde-amlo-al-empresario-claudio-x-gonzalez-por-llamarlo-enano-moral","status":"publish","type":"post","link":"https:\/\/nvnoticias.mx\/index.php\/2024\/05\/28\/responde-amlo-al-empresario-claudio-x-gonzalez-por-llamarlo-enano-moral\/","title":{"rendered":"Responde AMLO al empresario Claudio X. Gonz\u00e1lez por llamarlo &#8220;enano moral&#8221;"},"content":{"rendered":"\n<p>Luego de que el empresario Claudio X Gonz\u00e1lez lo llamar\u00e1 \u201cenano moral\u201d, el presidente Andr\u00e9s Manuel L\u00f3pez Obrador asegur\u00f3 que eso no le causa ning\u00fan problema porque cuando se lucha por una causa justa, se debe estar dispuesto a pagar una cuota de humillaci\u00f3n.<\/p>\n\n\n\n<blockquote class=\"wp-block-quote is-layout-flow wp-block-quote-is-layout-flow\">\n<p>\u201cNo tengo problema, primero porque tengo mi conciencia est\u00e1 tranquila y segundo porque cuando es una causa justa, sublime, en favor de otros, y cuando se lucha por una causa justa se debe estar dispuesto a pagar cuotas de humillaci\u00f3n\u201d, expres\u00f3 L\u00f3pez Obrador en su conferencia ma\u00f1anera de este martes 28 de mayo en Palacio Nacional.<\/p>\n<\/blockquote>\n\n\n\n<p>El Presidente L\u00f3pez Obrador dijo que todo se supera y que le causa gran satisfacci\u00f3n que los mexicanos est\u00e1n muy conscientes y muy despiertos, y por eso resiste a lo que consider\u00f3 &#8220;una andanada de cr\u00edticas y guerra sucia&#8221;.<\/p>\n\n\n\n<blockquote class=\"wp-block-quote is-layout-flow wp-block-quote-is-layout-flow\">\n<p>\u201cTodo esto se supera gracias a la gran satisfacci\u00f3n que produce estar trabajando por los dem\u00e1s. Ese es el idealismo, esos son los principios\u201d, declar\u00f3.<\/p>\n<\/blockquote>\n\n\n\n<p>No obstante, el Mandatario dijo que el pr\u00f3ximo domingo se llevar\u00e1n a cabo las elecciones y todos pueden manifestarse de manera libre.<\/p>\n\n\n\n<p>Fuente: El <a href=\"https:\/\/www.eluniversal.com.mx\/nacion\/amlo-responde-al-empresario-claudio-x-gonzalez-por-llamarlo-enano-moral\/\" data-type=\"link\" data-id=\"https:\/\/www.eluniversal.com.mx\/nacion\/amlo-responde-al-empresario-claudio-x-gonzalez-por-llamarlo-enano-moral\/\">Universal<\/a><br><\/p>\n\n\n\n<p><\/p>\n","protected":false},"excerpt":{"rendered":"<p>Luego de que el empresario Claudio X Gonz\u00e1lez lo llamar\u00e1 \u201cenano moral\u201d, el presidente Andr\u00e9s Manuel L\u00f3pez Obrador asegur\u00f3 que eso no le causa ning\u00fan problema porque cuando se lucha por una causa justa, se debe estar dispuesto a pagar una cuota de humillaci\u00f3n. \u201cNo tengo problema, primero porque tengo mi conciencia est\u00e1 tranquila y [&hellip;]<\/p>\n","protected":false},"author":35,"featured_media":136615,"comment_status":"open","ping_status":"open","sticky":false,"template":"","format":"standard","meta":{"_monsterinsights_skip_tracking":false,"_monsterinsights_sitenote_active":false,"_monsterinsights_sitenote_note":"","_monsterinsights_sitenote_category":0,"footnotes":""},"categories":[158],"tags":[188,6517],"class_list":["post-150280","post","type-post","status-publish","format-standard","has-post-thumbnail","hentry","category-politica","tag-amlo","tag-claudio-x-gonzalez-2","wp-image-borders"],"amp_enabled":true,"_links":{"self":[{"href":"https:\/\/nvnoticias.mx\/index.php\/wp-json\/wp\/v2\/posts\/150280","targetHints":{"allow":["GET"]}}],"collection":[{"href":"https:\/\/nvnoticias.mx\/index.php\/wp-json\/wp\/v2\/posts"}],"about":[{"href":"https:\/\/nvnoticias.mx\/index.php\/wp-json\/wp\/v2\/types\/post"}],"author":[{"embeddable":true,"href":"https:\/\/nvnoticias.mx\/index.php\/wp-json\/wp\/v2\/users\/35"}],"replies":[{"embeddable":true,"href":"https:\/\/nvnoticias.mx\/index.php\/wp-json\/wp\/v2\/comments?post=150280"}],"version-history":[{"count":1,"href":"https:\/\/nvnoticias.mx\/index.php\/wp-json\/wp\/v2\/posts\/150280\/revisions"}],"predecessor-version":[{"id":150281,"href":"https:\/\/nvnoticias.mx\/index.php\/wp-json\/wp\/v2\/posts\/150280\/revisions\/150281"}],"wp:featuredmedia":[{"embeddable":true,"href":"https:\/\/nvnoticias.mx\/index.php\/wp-json\/wp\/v2\/media\/136615"}],"wp:attachment":[{"href":"https:\/\/nvnoticias.mx\/index.php\/wp-json\/wp\/v2\/media?parent=150280"}],"wp:term":[{"taxonomy":"category","embeddable":true,"href":"https:\/\/nvnoticias.mx\/index.php\/wp-json\/wp\/v2\/categories?post=150280"},{"taxonomy":"post_tag","embeddable":true,"href":"https:\/\/nvnoticias.mx\/index.php\/wp-json\/wp\/v2\/tags?post=150280"}],"curies":[{"name":"wp","href":"https:\/\/api.w.org\/{rel}","templated":true}]}}