{"id":150269,"date":"2024-05-28T09:31:42","date_gmt":"2024-05-28T15:31:42","guid":{"rendered":"https:\/\/nvnoticias.mx\/?p=150269"},"modified":"2024-05-28T12:25:58","modified_gmt":"2024-05-28T18:25:58","slug":"consulados-en-eu-abriran-para-que-migrantes-puedan-votar-pero-casillas-estaran-a-cargo-del-ine-amlo","status":"publish","type":"post","link":"https:\/\/nvnoticias.mx\/index.php\/2024\/05\/28\/consulados-en-eu-abriran-para-que-migrantes-puedan-votar-pero-casillas-estaran-a-cargo-del-ine-amlo\/","title":{"rendered":"Consulados en EU abrir\u00e1n para que migrantes puedan votar, pero casillas estar\u00e1n a cargo del INE: AMLO"},"content":{"rendered":"\n<p>\u201cPara que no se mal interprete\u201d, el presidente&nbsp;Andr\u00e9s Manuel L\u00f3pez Obrador&nbsp;aclar\u00f3 que este domingo 2 de junio los consulados de M\u00e9xico en Estados Unidos no estar\u00e1n abiertos para tr\u00e1mites, sino que solamente abrir\u00e1n sus puertas para que los connacionales puedan votar en casillas que estar\u00e1n a cargo de funcionarios del&nbsp;INE&nbsp;y no del Servicio Exterior Mexicano.<\/p>\n\n\n\n<p>En su conferencia ma\u00f1anera de este martes 28 de mayo en Palacio Nacional, L\u00f3pez Obrador destac\u00f3 que el gobierno mexicano solo est\u00e1 dando facilidades para que estas representaciones diplom\u00e1ticas puedan servir como sitios para que los migrantes pueden ejercer su derecho a votar.<\/p>\n\n\n\n<blockquote class=\"wp-block-quote is-layout-flow wp-block-quote-is-layout-flow\">\n<p>\u201cYa saben nuestros paisanos migrantes se va a poder votar, solo una aclaraci\u00f3n para que no vayan a mal interpretar: se va poder votar en los consulados, pero no van estar los funcionarios de los consulado. Es como ir a votar aqu\u00ed a una escuela, que no van a estar los maestros, nada m\u00e1s es todo, el sitio, porque quienes van a estar a cargo del proceso son del INE.<\/p>\n<\/blockquote>\n\n\n\n<blockquote class=\"wp-block-quote is-layout-flow wp-block-quote-is-layout-flow\">\n<p>\u201cNosotros estamos dando facilidades, pero no van a estar los funcionarios del Servicio Exterior no van haber consulado para que no se mal interprete es nada m\u00e1s como los sepan que va haber casillas, ah\u00ed se puede votar, pero quienes van a estar a cargo del proceso son funcionarios del INE. No tiene nada que ver el gobierno y en este caso, el Servicio Exterior\u201d, dijo.<\/p>\n<\/blockquote>\n\n\n\n<p>Fuente: El <a href=\"https:\/\/www.eluniversal.com.mx\/nacion\/amlo-consulados-en-eu-abriran-para-que-migrantes-puedan-votar-pero-casillas-estaran-a-cargo-del-ine\/\" data-type=\"link\" data-id=\"https:\/\/www.eluniversal.com.mx\/nacion\/amlo-consulados-en-eu-abriran-para-que-migrantes-puedan-votar-pero-casillas-estaran-a-cargo-del-ine\/\">Universal<\/a><br><br><\/p>\n","protected":false},"excerpt":{"rendered":"<p>\u201cPara que no se mal interprete\u201d, el presidente&nbsp;Andr\u00e9s Manuel L\u00f3pez Obrador&nbsp;aclar\u00f3 que este domingo 2 de junio los consulados de M\u00e9xico en Estados Unidos no estar\u00e1n abiertos para tr\u00e1mites, sino que solamente abrir\u00e1n sus puertas para que los connacionales puedan votar en casillas que estar\u00e1n a cargo de funcionarios del&nbsp;INE&nbsp;y no del Servicio Exterior Mexicano. [&hellip;]<\/p>\n","protected":false},"author":35,"featured_media":55532,"comment_status":"open","ping_status":"open","sticky":false,"template":"","format":"standard","meta":{"_monsterinsights_skip_tracking":false,"_monsterinsights_sitenote_active":false,"_monsterinsights_sitenote_note":"","_monsterinsights_sitenote_category":0,"footnotes":""},"categories":[158],"tags":[24955,6245,183,452,162,4248],"class_list":["post-150269","post","type-post","status-publish","format-standard","has-post-thumbnail","hentry","category-politica","tag-amlo-2","tag-consulados","tag-estados-unidos","tag-migrantes","tag-portada","tag-votar","wp-image-borders"],"amp_enabled":true,"_links":{"self":[{"href":"https:\/\/nvnoticias.mx\/index.php\/wp-json\/wp\/v2\/posts\/150269","targetHints":{"allow":["GET"]}}],"collection":[{"href":"https:\/\/nvnoticias.mx\/index.php\/wp-json\/wp\/v2\/posts"}],"about":[{"href":"https:\/\/nvnoticias.mx\/index.php\/wp-json\/wp\/v2\/types\/post"}],"author":[{"embeddable":true,"href":"https:\/\/nvnoticias.mx\/index.php\/wp-json\/wp\/v2\/users\/35"}],"replies":[{"embeddable":true,"href":"https:\/\/nvnoticias.mx\/index.php\/wp-json\/wp\/v2\/comments?post=150269"}],"version-history":[{"count":1,"href":"https:\/\/nvnoticias.mx\/index.php\/wp-json\/wp\/v2\/posts\/150269\/revisions"}],"predecessor-version":[{"id":150270,"href":"https:\/\/nvnoticias.mx\/index.php\/wp-json\/wp\/v2\/posts\/150269\/revisions\/150270"}],"wp:featuredmedia":[{"embeddable":true,"href":"https:\/\/nvnoticias.mx\/index.php\/wp-json\/wp\/v2\/media\/55532"}],"wp:attachment":[{"href":"https:\/\/nvnoticias.mx\/index.php\/wp-json\/wp\/v2\/media?parent=150269"}],"wp:term":[{"taxonomy":"category","embeddable":true,"href":"https:\/\/nvnoticias.mx\/index.php\/wp-json\/wp\/v2\/categories?post=150269"},{"taxonomy":"post_tag","embeddable":true,"href":"https:\/\/nvnoticias.mx\/index.php\/wp-json\/wp\/v2\/tags?post=150269"}],"curies":[{"name":"wp","href":"https:\/\/api.w.org\/{rel}","templated":true}]}}