{"id":150210,"date":"2024-05-27T10:34:46","date_gmt":"2024-05-27T16:34:46","guid":{"rendered":"https:\/\/nvnoticias.mx\/?p=150210"},"modified":"2024-05-27T10:34:48","modified_gmt":"2024-05-27T16:34:48","slug":"hay-que-tener-cuidado-con-los-extremistas-de-derecha-y-de-izquierda-amlo","status":"publish","type":"post","link":"https:\/\/nvnoticias.mx\/index.php\/2024\/05\/27\/hay-que-tener-cuidado-con-los-extremistas-de-derecha-y-de-izquierda-amlo\/","title":{"rendered":"Hay que tener cuidado con los extremistas de derecha y de izquierda: AMLO"},"content":{"rendered":"\n<p>El presidente Andr\u00e9s Manuel L\u00f3pez Obrador se\u00f1al\u00f3 que \u201chay que tener cuidado con los extremistas de derecha y de izquierda, porque los extremos se tocan\u201d.<\/p>\n\n\n\n<p>Al ser cuestionado en su conferencia ma\u00f1anera de este lunes 27 de mayo sobre \u201cun alza de la ultraderecha\u201d en Europa, en el marco de las elecciones para el Parlamento, L\u00f3pez Obrador asegur\u00f3 que las fuerzas progresistas \u201ctienen una gran oportunidad\u201d porque \u201chac\u00eda falta el que se descararan los conservadores\u201d.<\/p>\n\n\n\n<blockquote class=\"wp-block-quote is-layout-flow wp-block-quote-is-layout-flow\">\n<p>\u201cYo hablo de conservadores, y debe de entenderse derecha en general, porque no creo en la extrema derecha. Creo que existe nada m\u00e1s la derecha y creo que para no hablar de izquierdas o de derechas, lo mejor es hablar, en el caso de las derechas, de conservadurismo\u201d, dijo al hacer referencia a la pol\u00edtica de Espa\u00f1a.<\/p>\n<\/blockquote>\n\n\n\n<p>Agreg\u00f3 que \u201chab\u00eda mucha simulaci\u00f3n en la llamada izquierda\u201d: \u201cEstaba muy amplio el abanico, desde la extrema izquierda\u201d.<\/p>\n\n\n\n<blockquote class=\"wp-block-quote is-layout-flow wp-block-quote-is-layout-flow\">\n<p>\u201cHay que tener cuidado con los extremistas de derecha y de izquierda, porque los extremos se tocan\u201d, se\u00f1al\u00f3.<\/p>\n<\/blockquote>\n\n\n\n<p>Aprovech\u00f3 el presidente L\u00f3pez Obrador para criticar a los \u201cindependientes\u201d, \u201ca los de la sociedad civil\u201d, a \u201clos de la izquierda social\u201d y a \u201clos de la izquierda electoral\u201d.<\/p>\n\n\n\n<blockquote class=\"wp-block-quote is-layout-flow wp-block-quote-is-layout-flow\">\n<p>\u201cSe hab\u00eda olvidado en Europa, con estas nuevas pol\u00edticas p\u00fablicas, de que lo fundamental es defender al pueblo, que lo fundamental es mejorar las condiciones de vida de la gente y evitar el clasismo, el racismo, la corrupci\u00f3n. Eso se hab\u00eda hecho a un lado, incluso llegaron a cometer, para m\u00ed, el error de socavar el estado de bienestar, que era lo m\u00e1s importante que ten\u00eda Europa\u201d, refiri\u00f3.<\/p>\n<\/blockquote>\n\n\n\n<p>Fuente: El <a href=\"https:\/\/www.eluniversal.com.mx\/nacion\/amlo-hay-que-tener-cuidado-con-los-extremistas-de-derecha-y-de-izquierda\/\" data-type=\"link\" data-id=\"https:\/\/www.eluniversal.com.mx\/nacion\/amlo-hay-que-tener-cuidado-con-los-extremistas-de-derecha-y-de-izquierda\/\">Universal<\/a><br><\/p>\n","protected":false},"excerpt":{"rendered":"<p>El presidente Andr\u00e9s Manuel L\u00f3pez Obrador se\u00f1al\u00f3 que \u201chay que tener cuidado con los extremistas de derecha y de izquierda, porque los extremos se tocan\u201d. Al ser cuestionado en su conferencia ma\u00f1anera de este lunes 27 de mayo sobre \u201cun alza de la ultraderecha\u201d en Europa, en el marco de las elecciones para el Parlamento, [&hellip;]<\/p>\n","protected":false},"author":35,"featured_media":134342,"comment_status":"open","ping_status":"open","sticky":false,"template":"","format":"standard","meta":{"_monsterinsights_skip_tracking":false,"_monsterinsights_sitenote_active":false,"_monsterinsights_sitenote_note":"","_monsterinsights_sitenote_category":0,"footnotes":""},"categories":[158],"tags":[188,11575,7440],"class_list":["post-150210","post","type-post","status-publish","format-standard","has-post-thumbnail","hentry","category-politica","tag-amlo","tag-derecha","tag-izquierda","wp-image-borders"],"amp_enabled":true,"_links":{"self":[{"href":"https:\/\/nvnoticias.mx\/index.php\/wp-json\/wp\/v2\/posts\/150210","targetHints":{"allow":["GET"]}}],"collection":[{"href":"https:\/\/nvnoticias.mx\/index.php\/wp-json\/wp\/v2\/posts"}],"about":[{"href":"https:\/\/nvnoticias.mx\/index.php\/wp-json\/wp\/v2\/types\/post"}],"author":[{"embeddable":true,"href":"https:\/\/nvnoticias.mx\/index.php\/wp-json\/wp\/v2\/users\/35"}],"replies":[{"embeddable":true,"href":"https:\/\/nvnoticias.mx\/index.php\/wp-json\/wp\/v2\/comments?post=150210"}],"version-history":[{"count":1,"href":"https:\/\/nvnoticias.mx\/index.php\/wp-json\/wp\/v2\/posts\/150210\/revisions"}],"predecessor-version":[{"id":150211,"href":"https:\/\/nvnoticias.mx\/index.php\/wp-json\/wp\/v2\/posts\/150210\/revisions\/150211"}],"wp:featuredmedia":[{"embeddable":true,"href":"https:\/\/nvnoticias.mx\/index.php\/wp-json\/wp\/v2\/media\/134342"}],"wp:attachment":[{"href":"https:\/\/nvnoticias.mx\/index.php\/wp-json\/wp\/v2\/media?parent=150210"}],"wp:term":[{"taxonomy":"category","embeddable":true,"href":"https:\/\/nvnoticias.mx\/index.php\/wp-json\/wp\/v2\/categories?post=150210"},{"taxonomy":"post_tag","embeddable":true,"href":"https:\/\/nvnoticias.mx\/index.php\/wp-json\/wp\/v2\/tags?post=150210"}],"curies":[{"name":"wp","href":"https:\/\/api.w.org\/{rel}","templated":true}]}}