{"id":150180,"date":"2024-05-27T09:05:40","date_gmt":"2024-05-27T15:05:40","guid":{"rendered":"https:\/\/nvnoticias.mx\/?p=150180"},"modified":"2024-05-27T09:05:42","modified_gmt":"2024-05-27T15:05:42","slug":"el-2-de-junio-salga-y-vote","status":"publish","type":"post","link":"https:\/\/nvnoticias.mx\/index.php\/2024\/05\/27\/el-2-de-junio-salga-y-vote\/","title":{"rendered":"El 2 de junio salga y vote"},"content":{"rendered":"\n<p><\/p>\n\n\n\n<p><strong>Gladys de L. P\u00e9rez Maldonado<\/strong><\/p>\n\n\n\n<p><em>No hay fecha que no se cumpla ni plazo que no se llegue, <\/em>as\u00ed reza el dicho popular, nos encontramos a escasos d\u00edas de que se lleven a cabo las elecciones m\u00e1s grandes que ha tenido nuestro pa\u00eds.<\/p>\n\n\n\n<p>El pr\u00f3ximo 2 de junio, elegiremos en las urnas a la primera Presidenta de la Rep\u00fablica, a las y los integrantes del Congreso de la Uni\u00f3n, que suman 128 Senadoras y Senadores y 500 diputadas y diputados. As\u00ed tambi\u00e9n, se llevar\u00e1n a&nbsp; cabo la elecci\u00f3n de Gubernaturas en los estados de Chiapas, Guanajuato, Jalisco, Morelos, Puebla, Tabasco, Veracruz, Yucat\u00e1n y Jefatura de Gobierno de la Ciudad de M\u00e9xico, Congresos Locales, Ayuntamientos, Juntas Municipales y Alcald\u00edas, en total se elegir\u00e1n m\u00e1s de 19 mil cargos de representaci\u00f3n popular.<\/p>\n\n\n\n<p>No es cualquier cosa lo que viviremos el pr\u00f3ximo domingo, es un gran d\u00eda para la ciudadan\u00eda mexicana, saldremos a la calle a elegir a aquellas personas que nos representar\u00e1n por varios a\u00f1os en puestos de poder y decisi\u00f3n, que fluct\u00faan entre seis y tres a\u00f1os, detentar\u00e1n temporalmente ese poder que precisamente pertenece al pueblo, o sea, que le pertenece a usted que nos lee, pero en virtud de que vivimos en un sistema de gobierno democr\u00e1tico les es delegado por nosotros\/as a trav\u00e9s del voto, para que nos representen, para que act\u00faen siempre en busca de nuestro bienestar social, econ\u00f3mico, cultural desde la administraci\u00f3n p\u00fablica y legislaturas federal o local.<\/p>\n\n\n\n<p>En el art\u00edculo 41 de la Constituci\u00f3n Pol\u00edtica de los Estados Unidos Mexicanos se establece el sistema democr\u00e1tico como forma de gobierno, se\u00f1ala que la renovaci\u00f3n de los poderes Legislativo y Ejecutivo se realizar\u00e1 mediante elecciones libres, aut\u00e9nticas y peri\u00f3dicas; adem\u00e1s, en el diverso numeral 40 que dice: \u201c\u2026Es voluntad del pueblo mexicano constituirse en una Rep\u00fablica representativa, democr\u00e1tica, laica, federal, compuesta por Estados libres y soberanos en todo lo concerniente a su r\u00e9gimen interior, y por la Ciudad de M\u00e9xico, unidos en una federaci\u00f3n\u2026\u201d.<\/p>\n\n\n\n<p>La Declaraci\u00f3n Universal de Derechos Humanos dispone que <em>La voluntad del pueblo ser\u00e1 la base de la autoridad del gobierno.<\/em><\/p>\n\n\n\n<p>Los valores de libertad y respeto por los derechos humanos y el principio de celebrar elecciones peri\u00f3dicas y genuinas mediante el sufragio universal (el voto) son elementos esenciales de la democracia. A su vez, la democracia proporciona el medio natural para la protecci\u00f3n y la realizaci\u00f3n efectiva de los derechos humanos.<\/p>\n\n\n\n<p>La Comisi\u00f3n de Derechos Humanos de la Organizaci\u00f3n de las Naciones Unidas (ONU) en el a\u00f1o 2002 declar\u00f3 los siguientes puntos como elementos esenciales de la democracia, los cuales siguen vigentes: Respeto por los derechos humanos y las libertades fundamentales; Libertad de asociaci\u00f3n; Libertad de expresi\u00f3n y de opini\u00f3n; Acceso al poder y su ejercicio de conformidad con el imperio de la ley; La celebraci\u00f3n de elecciones peri\u00f3dicas, libres y justas por sufragio universal y por voto secreto como expresi\u00f3n de la voluntad de la poblaci\u00f3n; Un sistema pluralista de partidos y organizaciones pol\u00edticas; La separaci\u00f3n de poderes; La independencia del poder judicial; La transparencia y la responsabilidad en la administraci\u00f3n p\u00fablica; y, Medios de comunicaci\u00f3n libres, independientes y pluralistas.<\/p>\n\n\n\n<p>Es un hecho trascendente que en estas elecciones de 2024 se vaya a elegir a la primera Presidenta de la Rep\u00fablica en la historia de M\u00e9xico, coincidimos con la antrop\u00f3loga y feminista Marta Lamas, que adem\u00e1s de hecho simb\u00f3lico, tambi\u00e9n es resultado de la larga lucha de las feministas contra la exclusi\u00f3n pol\u00edtica de las mujeres y por un trato no discriminatorio e igualitario y que aun cuando, nos llena de emoci\u00f3n que vayamos a tener una mujer en la presidencia, se corre el riesgo de mistificar ese avance y generar expectativas equivocadas.<\/p>\n\n\n\n<p>Al respecto, en la emisi\u00f3n de <em>Alguien como t\u00fa <\/em>de 29.03.2019 <em>Identidad femenina ante la corrupci\u00f3n, <\/em>sostuvimos que: \u201c\u2026no necesariamente la presencia femenina es un sin\u00f3nimo de disminuci\u00f3n o extinci\u00f3n de la corrupci\u00f3n en el sistema pol\u00edtico de un pa\u00eds.<\/p>\n\n\n\n<p>Basta de estereotipar a la mujer, basta de ubicar a la mujer como la inc\u00f3lume, basta de esperar de la mujer una conducta por dem\u00e1s \u00e9tica, basta de poner sobre los hombros de las mujeres responsabilidades que son compartidas con los hombres en una sociedad, como es abatir la corrupci\u00f3n y la impunidad, basta de considerar que la honorabilidad es sin\u00f3nimo de mujer\u2026BASTA! BASTA! BASTA!<\/p>\n\n\n\n<p>Por a\u00f1os la mujer no ha participado en la vida p\u00fablica de nuestra sociedad, como ya lo he mencionado, ahora que inicia su inclusi\u00f3n en altos mandos de poder y decisi\u00f3n es cuando los hombres y tambi\u00e9n algunas mujeres mis\u00f3ginas, nos quieren hacer responsables de dar soluci\u00f3n a situaciones que surgieron en una sociedad patriarcal; en el d\u00eda a d\u00eda tenemos que demostrar m\u00e1s del ciento por ciento de nuestra capacidad laboral e intelectual, a eso tambi\u00e9n se le llama discriminaci\u00f3n, desigualdad, no m\u00e1s estr\u00e9s.\u201d<\/p>\n\n\n\n<p>&nbsp;&nbsp;&nbsp;&nbsp;&nbsp;&nbsp;&nbsp;&nbsp;&nbsp;&nbsp;&nbsp; Adem\u00e1s, desde en este mismo espacio en la edici\u00f3n de 24.07.2023 <em>Mujerismo y feminismo<\/em> insistimos que \u201c\u2026Confundir la presencia de mujeres, el mujerismo, con el feminismo es un grave error. Mientras que lo primero es una condici\u00f3n b\u00e1sica de la democracia representativa, lo segundo es aquello que pretender conseguir que esa democracias sean m\u00e1s justas, igualitarias y equitativas socialmente. Que haya mujeres en la pol\u00edtica es una cuesti\u00f3n b\u00e1sica de la calidad democr\u00e1tica, pero eso no garantiza que haya feminismo en la pol\u00edtica. (\u201cMujerismo no es Feminismo\u201d, Cristina Hern\u00e1ndez, feminista y escritora espa\u00f1ola).<\/p>\n\n\n\n<p>Hay quien dice&nbsp; que las mujeres somos capaces de hacer otra pol\u00edtica. Nos surge el cuestionamiento \u00bfDe qu\u00e9 pol\u00edtica hay que diferenciarse: de la que hace el gobierno o la oposici\u00f3n, si de la que se hace en los Estados o en los Ayuntamientos o en el Congreso de la Uni\u00f3n o en las Legislaturas locales? Pues si pensamos en mujeres y pol\u00edtica, podemos nombrar a varias que desde sus ideolog\u00edas partidistas, hacen pol\u00edtica, que tienen el pleno derecho de representar a la ciudadan\u00eda, pero lo hacen de manera muy distinta.<\/p>\n\n\n\n<p>Que haya mujeres en pol\u00edtica es una cuesti\u00f3n b\u00e1sica de calidad democr\u00e1tica, pero eso no garantiza que haya feminismo en la pol\u00edtica. El feminismo es otra cosa diferente a la presencia de mujeres.\u201d<\/p>\n\n\n\n<p>As\u00ed, el 2 de junio elegiremos a la mujer, entre dos candidatas, &nbsp;que nos representar\u00e1 como Presidenta de la Rep\u00fablica por seis a\u00f1os, de ah\u00ed que nosotras con el 52 % del padr\u00f3n electoral tenemos la posibilidad de votar por aquella que hable como mujer, no desde el cuerpo de mujer, que desde una perspectiva de justicia social reestablezca las estancias infantiles, los refugios para mujeres v\u00edctimas de violencia, los tratamientos para c\u00e1ncer cervicouterino, las escuelas de tiempo completo y promueva el presupuesto a favor de las pol\u00edticas p\u00fablicas a favor de las mujeres y las ni\u00f1as, que nos fueron cancelados.<\/p>\n\n\n\n<p>No pierda la oportunidad&nbsp; este 2 de junio salga y vote\u2026<\/p>\n","protected":false},"excerpt":{"rendered":"<p>Gladys de L. P\u00e9rez Maldonado No hay fecha que no se cumpla ni plazo que no se llegue, as\u00ed reza el dicho popular, nos encontramos a escasos d\u00edas de que se lleven a cabo las elecciones m\u00e1s grandes que ha tenido nuestro pa\u00eds. El pr\u00f3ximo 2 de junio, elegiremos en las urnas a la primera [&hellip;]<\/p>\n","protected":false},"author":45,"featured_media":150181,"comment_status":"open","ping_status":"open","sticky":false,"template":"","format":"standard","meta":{"_monsterinsights_skip_tracking":false,"_monsterinsights_sitenote_active":false,"_monsterinsights_sitenote_note":"","_monsterinsights_sitenote_category":0,"footnotes":""},"categories":[15405],"tags":[15415],"class_list":["post-150180","post","type-post","status-publish","format-standard","has-post-thumbnail","hentry","category-alguien-como-tu","tag-gladys-perez-maldonado","wp-image-borders"],"amp_enabled":true,"_links":{"self":[{"href":"https:\/\/nvnoticias.mx\/index.php\/wp-json\/wp\/v2\/posts\/150180","targetHints":{"allow":["GET"]}}],"collection":[{"href":"https:\/\/nvnoticias.mx\/index.php\/wp-json\/wp\/v2\/posts"}],"about":[{"href":"https:\/\/nvnoticias.mx\/index.php\/wp-json\/wp\/v2\/types\/post"}],"author":[{"embeddable":true,"href":"https:\/\/nvnoticias.mx\/index.php\/wp-json\/wp\/v2\/users\/45"}],"replies":[{"embeddable":true,"href":"https:\/\/nvnoticias.mx\/index.php\/wp-json\/wp\/v2\/comments?post=150180"}],"version-history":[{"count":1,"href":"https:\/\/nvnoticias.mx\/index.php\/wp-json\/wp\/v2\/posts\/150180\/revisions"}],"predecessor-version":[{"id":150182,"href":"https:\/\/nvnoticias.mx\/index.php\/wp-json\/wp\/v2\/posts\/150180\/revisions\/150182"}],"wp:featuredmedia":[{"embeddable":true,"href":"https:\/\/nvnoticias.mx\/index.php\/wp-json\/wp\/v2\/media\/150181"}],"wp:attachment":[{"href":"https:\/\/nvnoticias.mx\/index.php\/wp-json\/wp\/v2\/media?parent=150180"}],"wp:term":[{"taxonomy":"category","embeddable":true,"href":"https:\/\/nvnoticias.mx\/index.php\/wp-json\/wp\/v2\/categories?post=150180"},{"taxonomy":"post_tag","embeddable":true,"href":"https:\/\/nvnoticias.mx\/index.php\/wp-json\/wp\/v2\/tags?post=150180"}],"curies":[{"name":"wp","href":"https:\/\/api.w.org\/{rel}","templated":true}]}}