{"id":150085,"date":"2024-05-25T12:48:00","date_gmt":"2024-05-25T18:48:00","guid":{"rendered":"https:\/\/nvnoticias.mx\/?p=150085"},"modified":"2024-05-25T12:48:02","modified_gmt":"2024-05-25T18:48:02","slug":"primer-santo-millennial-sera-canonizado-por-el-papa","status":"publish","type":"post","link":"https:\/\/nvnoticias.mx\/index.php\/2024\/05\/25\/primer-santo-millennial-sera-canonizado-por-el-papa\/","title":{"rendered":"\u00bfPrimer santo millennial?; ser\u00e1 canonizado por el Papa"},"content":{"rendered":"\n<p><\/p>\n\n\n\n<p>Carlo Acutis, un adolescente apasionado por internet y muy creyente conocido como el &#8220;ciberap\u00f3stol&#8221;, cuya muerte conmovi\u00f3 a Italia en 2006, ser\u00e1 canonizado despu\u00e9s de que la Iglesia cat\u00f3lica le atribuyera un segundo milagro, anunci\u00f3 el Vaticano.<br><br>El papa Francisco autoriz\u00f3 el jueves al Dicasterio para la Causa de los Santos, el departamento encargado de las beatificaciones y las canonizaciones, a &#8220;promulgar el milagro atribuido al beato Carlo Acutis&#8221;, inform\u00f3 la Santa Sede.<\/p>\n\n\n<div class=\"wp-block-image\">\n<figure class=\"alignleft size-large is-resized\"><img loading=\"lazy\" decoding=\"async\" width=\"768\" height=\"1024\" src=\"https:\/\/nvnoticias.mx\/wp-content\/uploads\/2024\/05\/CARLOS-ACUTIS-768x1024.jpg\" alt=\"\" class=\"wp-image-150087\" style=\"width:243px;height:auto\" srcset=\"https:\/\/nvnoticias.mx\/wp-content\/uploads\/2024\/05\/CARLOS-ACUTIS-768x1023.jpg 768w, https:\/\/nvnoticias.mx\/wp-content\/uploads\/2024\/05\/CARLOS-ACUTIS-225x300.jpg 225w, https:\/\/nvnoticias.mx\/wp-content\/uploads\/2024\/05\/CARLOS-ACUTIS.jpg 818w\" sizes=\"auto, (max-width: 768px) 100vw, 768px\" \/><\/figure>\n<\/div>\n\n\n<p><br>Carlo Acutis, muy aficionado de internet, con mucho talento inform\u00e1tico y sobre todo imbuido por una fe precoz e intensa, cre\u00f3 p\u00e1ginas web religiosas y una exposici\u00f3n que documentaba los milagros eucar\u00edsticos.<br><br>Su madre, Antonia Salzano, acogi\u00f3 la noticia con &#8220;gran alegr\u00eda&#8221;.<\/p>\n\n\n\n<blockquote class=\"wp-block-quote is-layout-flow wp-block-quote-is-layout-flow\">\n<p>&#8220;El Se\u00f1or respondi\u00f3 al deseo de tantas personas que han rezado por su canonizaci\u00f3n&#8221;, afirm\u00f3 el viernes a Radio Vaticano.<\/p>\n<\/blockquote>\n\n\n\n<h2 class=\"wp-block-heading\">&#8220;Todos los hombres nacen como originales, pero muchos mueren como fotocopias&#8221;<\/h2>\n\n\n\n<p><\/p>\n\n\n\n<p>Nacido en Londres el 3 de mayo de 1991 de padres italianos, el adolescente muri\u00f3 de una leucemia fulminante a los 15 a\u00f1os el 12 de octubre de 2006 en Monza, cerca de Mil\u00e1n, en el norte de Italia.<\/p>\n\n\n\n<p>&#8220;Todos los hombres nacen como originales, pero muchos mueren como fotocopias, \u00a1no permitas que te pase a ti!&#8221;, recomendaba a su generaci\u00f3n Carlo.<\/p>\n\n\n\n<p>Esta cita fue incluida por el papa Francisco en 2019 en un largo texto dirigido a los j\u00f3venes, advirti\u00e9ndoles contra los &#8220;gigantescos intereses econ\u00f3micos&#8221; de internet donde se difuden &#8220;noticias falsas&#8221;.<\/p>\n\n\n\n<p>Carlo Acutis fue declarado &#8220;venerable&#8221; en 2018 y un primer milagro, reconocido en 2020 por el Vaticano, le abri\u00f3 el camino a su beatificaci\u00f3n, \u00faltima etapa antes de convertirse en santo.<\/p>\n\n\n\n<p>En 2013, un ni\u00f1o brasile\u00f1o que sufr\u00eda problemas digestivos y una rara anomal\u00eda del p\u00e1ncreas se salv\u00f3 sin cirug\u00eda despu\u00e9s de que su familia rezara a Carlo, afirma la Iglesia cat\u00f3lica.<\/p>\n\n\n\n<h2 class=\"wp-block-heading\">&#8220;Supo utilizar las nuevas t\u00e9cnicas de comunicaci\u00f3n para transmitir el Evangelio&#8221;<\/h2>\n\n\n\n<p>La veneraci\u00f3n por este joven creci\u00f3 cuando se conoci\u00f3 la historia de un chico normal que le encantaba jugar al f\u00fatbol, ir a la monta\u00f1a y le apasionaban los ordenadores y a pesar de crecer en una familia no practicante, cre\u00f3 una nueva forma de anunciar el Evangelio a trav\u00e9s de aplicaciones y videos.<\/p>\n\n\n\n<p>Los medios de comunicaci\u00f3n explicaron que se trata del primer beato &#8220;milleniam&#8221;, nativo digital, y ejemplo de que la tecnolog\u00eda puede ser muy positiva. As\u00ed lo explic\u00f3 el papa al afirmar que Acutis &#8220;supo utilizar las nuevas t\u00e9cnicas de comunicaci\u00f3n para transmitir el Evangelio, comunicar valores y belleza&#8221;.<\/p>\n\n\n\n<blockquote class=\"wp-block-quote is-layout-flow wp-block-quote-is-layout-flow\">\n<p>&#8220;Su pasi\u00f3n por el catolicismo floreci\u00f3 muy pronto, seg\u00fan cont\u00f3 su madre, Antonia Acutis, a The New York Times en una entrevista en 2020. A los 7 a\u00f1os, empez\u00f3 a asistir a misa diariamente. Su fe inspir\u00f3 a su madre a volver a unirse a la Iglesia, dijo&#8221;, record\u00f3 la periodista<strong>&nbsp;Alexandra E. Petri&nbsp;<\/strong>en ese medio.<\/p>\n<\/blockquote>\n\n\n\n<p>\u201cCarlo era la respuesta luminosa al lado oscuro de la web\u201d, dijo su madre, a\u00f1adiendo que algunos admiradores lo hab\u00edan llamado un \u201cinfluente de Dios\u201d.<\/p>\n\n\n\n<p>La vida de Carlo \u201cpuede servir para mostrar c\u00f3mo internet puede utilizarse para el bien, para difundir cosas buenas\u201d, a\u00f1adi\u00f3 Acutis.<\/p>\n\n\n\n<h2 class=\"wp-block-heading\">El segundo milagro<\/h2>\n\n\n\n<p>Un &#8220;segundo milagro consisti\u00f3 en la recuperaci\u00f3n de una estudiante universitaria costarricense que sufri\u00f3 un traumatismo craneoencef\u00e1lico grave tras caerse de su bicicleta en Florencia. La mujer necesitaba una cirug\u00eda cerebral mayor y los m\u00e9dicos advirtieron que las probabilidades de supervivencia eran bajas. La madre de la joven viaj\u00f3 a As\u00eds para rezar por su hija ante la tumba de Carlo en el santuario del Despojo y pedir su intervenci\u00f3n&#8221;, record\u00f3 E. Petri en el art\u00edculo del Times.<\/p>\n\n\n\n<blockquote class=\"wp-block-quote is-layout-flow wp-block-quote-is-layout-flow\">\n<p>&#8220;La joven empez\u00f3 r\u00e1pidamente a mostrar signos de mejor\u00eda en su respiraci\u00f3n, movilidad y habla, seg\u00fan el Vaticano. Diez d\u00edas despu\u00e9s de que la madre de la mujer visitara la tumba de Carlo, una tomograf\u00eda mostr\u00f3 que la hemorragia cerebral hab\u00eda desaparecido y m\u00e1s tarde fue trasladada a un centro de rehabilitaci\u00f3n&#8221;.<\/p>\n<\/blockquote>\n\n\n\n<p>Un consistorio -la asamblea de los cardenales- debe fijar ahora la fecha de la canonizaci\u00f3n.<\/p>\n\n\n\n<p>Fuente: <a href=\"https:\/\/www.eluniversal.com.mx\/mundo\/quien-era-carlo-acutis-el-apostol-de-internet-que-sera-el-primer-santo-millennial\/\">El Universal<\/a><\/p>\n","protected":false},"excerpt":{"rendered":"<p>Carlo Acutis, un adolescente apasionado por internet y muy creyente conocido como el &#8220;ciberap\u00f3stol&#8221;, cuya muerte conmovi\u00f3 a Italia en 2006, ser\u00e1 canonizado despu\u00e9s de que la Iglesia cat\u00f3lica le atribuyera un segundo milagro, anunci\u00f3 el Vaticano. El papa Francisco autoriz\u00f3 el jueves al Dicasterio para la Causa de los Santos, el departamento encargado de [&hellip;]<\/p>\n","protected":false},"author":6,"featured_media":150086,"comment_status":"open","ping_status":"open","sticky":false,"template":"","format":"standard","meta":{"_monsterinsights_skip_tracking":false,"_monsterinsights_sitenote_active":false,"_monsterinsights_sitenote_note":"","_monsterinsights_sitenote_category":0,"footnotes":""},"categories":[181],"tags":[4796,30108],"class_list":["post-150085","post","type-post","status-publish","format-standard","has-post-thumbnail","hentry","category-internacional","tag-papa-francisco","tag-santo-millennial","wp-image-borders"],"amp_enabled":true,"_links":{"self":[{"href":"https:\/\/nvnoticias.mx\/index.php\/wp-json\/wp\/v2\/posts\/150085","targetHints":{"allow":["GET"]}}],"collection":[{"href":"https:\/\/nvnoticias.mx\/index.php\/wp-json\/wp\/v2\/posts"}],"about":[{"href":"https:\/\/nvnoticias.mx\/index.php\/wp-json\/wp\/v2\/types\/post"}],"author":[{"embeddable":true,"href":"https:\/\/nvnoticias.mx\/index.php\/wp-json\/wp\/v2\/users\/6"}],"replies":[{"embeddable":true,"href":"https:\/\/nvnoticias.mx\/index.php\/wp-json\/wp\/v2\/comments?post=150085"}],"version-history":[{"count":2,"href":"https:\/\/nvnoticias.mx\/index.php\/wp-json\/wp\/v2\/posts\/150085\/revisions"}],"predecessor-version":[{"id":150089,"href":"https:\/\/nvnoticias.mx\/index.php\/wp-json\/wp\/v2\/posts\/150085\/revisions\/150089"}],"wp:featuredmedia":[{"embeddable":true,"href":"https:\/\/nvnoticias.mx\/index.php\/wp-json\/wp\/v2\/media\/150086"}],"wp:attachment":[{"href":"https:\/\/nvnoticias.mx\/index.php\/wp-json\/wp\/v2\/media?parent=150085"}],"wp:term":[{"taxonomy":"category","embeddable":true,"href":"https:\/\/nvnoticias.mx\/index.php\/wp-json\/wp\/v2\/categories?post=150085"},{"taxonomy":"post_tag","embeddable":true,"href":"https:\/\/nvnoticias.mx\/index.php\/wp-json\/wp\/v2\/tags?post=150085"}],"curies":[{"name":"wp","href":"https:\/\/api.w.org\/{rel}","templated":true}]}}