{"id":149965,"date":"2024-05-24T09:24:09","date_gmt":"2024-05-24T15:24:09","guid":{"rendered":"https:\/\/nvnoticias.mx\/?p=149965"},"modified":"2024-05-24T09:24:11","modified_gmt":"2024-05-24T15:24:11","slug":"recupera-israel-cuerpo-de-mexicano-tomado-como-rehen-por-hamas","status":"publish","type":"post","link":"https:\/\/nvnoticias.mx\/index.php\/2024\/05\/24\/recupera-israel-cuerpo-de-mexicano-tomado-como-rehen-por-hamas\/","title":{"rendered":"Recupera Israel cuerpo de mexicano tomado como reh\u00e9n por Ham\u00e1s"},"content":{"rendered":"\n<p>El ej\u00e9rcito israel\u00ed anunci\u00f3 el viernes que recuper\u00f3 los cad\u00e1veres de tres rehenes secuestrados en la Franja de Gaza desde el ataque de Ham\u00e1s en suelo israel\u00ed el 7 de octubre, entre ellos el del mexicano Ori\u00f3n Hern\u00e1ndez Radoux.<\/p>\n\n\n\n<p>Adem\u00e1s, fueron recuperados los cad\u00e1veres del ciudadano israel-brasile\u00f1o Michel Nisenbaum y del israel\u00ed Hanan Yablonka&nbsp; durante la noche en Jabaliya, en el norte del enclave, indic\u00f3 en un comunicado el ej\u00e9rcito, que llev\u00f3 a cabo una operaci\u00f3n conjunta con los servicios de inteligencia israel\u00edes.<\/p>\n\n\n\n<p>Los tres murieron durante el ataque en Israel del grupo islamista palestino Ham\u00e1s el 7 de octubre, que desencaden\u00f3 la guerra, y fueron trasladados a Gaza, indic\u00f3 el ej\u00e9rcito.<\/p>\n\n\n\n<p>Tras los an\u00e1lisis forenses de identificaci\u00f3n, se notific\u00f3 a sus familias, agreg\u00f3.<\/p>\n\n\n\n<p>Tanto Yablonka, de 42 a\u00f1os, como Hern\u00e1ndez Radoux, de 32, estaban durante el ataque en el festival de m\u00fasica Nova, celebrado aquel d\u00eda al aire libre a pocos kil\u00f3metros del enclave palestino.<\/p>\n\n\n\n<p>Nisenbaum, un residente de 59 a\u00f1os de la ciudad israel\u00ed de Sderot, cerca de Gaza, fue contactado por \u00faltima vez el 7 de octubre cuando se dirig\u00eda a una base militar en la frontera para recoger a su nieta.<\/p>\n\n\n\n<p>&#8220;Junto con el pueblo israel\u00ed, mi mujer Sara y yo, inclinamos la cabeza con profundo dolor y abrazamos a las familias en duelo en estos dif\u00edciles momentos&#8221;, declar\u00f3 el primer ministro israel\u00ed, Benjamin Netanyahu, bajo una creciente presi\u00f3n interna para conseguir la liberaci\u00f3n de los rehenes que permanecen cautivos en Gaza.<br>El presidente franc\u00e9s, Emmanuel Macron, expres\u00f3 en un mensaje en la red social X su &#8220;inmensa tristeza&#8221; por la muerte de Hern\u00e1ndez Radoux.<\/p>\n\n\n\n<p>&#8220;Francia sigue m\u00e1s comprometida que nunca con la liberaci\u00f3n de todos los rehenes&#8221;, agreg\u00f3.<br>En una entrevista con la AFP en enero, su madre francesa Marie-Pascale Radoux ped\u00eda &#8220;a Ham\u00e1s que cuidara de su hijo porque era f\u00edsicamente fr\u00e1gil&#8221;.<\/p>\n\n\n\n<p>La Secretaria de Relaciones Exteriores en M\u00e9xico, Alicia B\u00e1rcena,<br>expres\u00f3 en un mensaje de la red social X&nbsp; su &#8220;consternaci\u00f3n&#8221; por la muerte del mexicano.<\/p>\n\n\n\n<p>Fuente: El <a href=\"https:\/\/www.milenio.com\/internacional\/recuperan-cuerpo-orion-hernandez-mexicano-tomado-rehen-hamas\" data-type=\"link\" data-id=\"https:\/\/www.milenio.com\/internacional\/recuperan-cuerpo-orion-hernandez-mexicano-tomado-rehen-hamas\">Universal<\/a><br><\/p>\n","protected":false},"excerpt":{"rendered":"<p>El ej\u00e9rcito israel\u00ed anunci\u00f3 el viernes que recuper\u00f3 los cad\u00e1veres de tres rehenes secuestrados en la Franja de Gaza desde el ataque de Ham\u00e1s en suelo israel\u00ed el 7 de octubre, entre ellos el del mexicano Ori\u00f3n Hern\u00e1ndez Radoux. Adem\u00e1s, fueron recuperados los cad\u00e1veres del ciudadano israel-brasile\u00f1o Michel Nisenbaum y del israel\u00ed Hanan Yablonka&nbsp; durante [&hellip;]<\/p>\n","protected":false},"author":35,"featured_media":124039,"comment_status":"open","ping_status":"open","sticky":false,"template":"","format":"standard","meta":{"_monsterinsights_skip_tracking":false,"_monsterinsights_sitenote_active":false,"_monsterinsights_sitenote_note":"","_monsterinsights_sitenote_category":0,"footnotes":""},"categories":[181],"tags":[27695,30100,162,24894],"class_list":["post-149965","post","type-post","status-publish","format-standard","has-post-thumbnail","hentry","category-internacional","tag-hamas","tag-orion-hernandez-radoux","tag-portada","tag-rehen","wp-image-borders"],"amp_enabled":true,"_links":{"self":[{"href":"https:\/\/nvnoticias.mx\/index.php\/wp-json\/wp\/v2\/posts\/149965","targetHints":{"allow":["GET"]}}],"collection":[{"href":"https:\/\/nvnoticias.mx\/index.php\/wp-json\/wp\/v2\/posts"}],"about":[{"href":"https:\/\/nvnoticias.mx\/index.php\/wp-json\/wp\/v2\/types\/post"}],"author":[{"embeddable":true,"href":"https:\/\/nvnoticias.mx\/index.php\/wp-json\/wp\/v2\/users\/35"}],"replies":[{"embeddable":true,"href":"https:\/\/nvnoticias.mx\/index.php\/wp-json\/wp\/v2\/comments?post=149965"}],"version-history":[{"count":1,"href":"https:\/\/nvnoticias.mx\/index.php\/wp-json\/wp\/v2\/posts\/149965\/revisions"}],"predecessor-version":[{"id":149966,"href":"https:\/\/nvnoticias.mx\/index.php\/wp-json\/wp\/v2\/posts\/149965\/revisions\/149966"}],"wp:featuredmedia":[{"embeddable":true,"href":"https:\/\/nvnoticias.mx\/index.php\/wp-json\/wp\/v2\/media\/124039"}],"wp:attachment":[{"href":"https:\/\/nvnoticias.mx\/index.php\/wp-json\/wp\/v2\/media?parent=149965"}],"wp:term":[{"taxonomy":"category","embeddable":true,"href":"https:\/\/nvnoticias.mx\/index.php\/wp-json\/wp\/v2\/categories?post=149965"},{"taxonomy":"post_tag","embeddable":true,"href":"https:\/\/nvnoticias.mx\/index.php\/wp-json\/wp\/v2\/tags?post=149965"}],"curies":[{"name":"wp","href":"https:\/\/api.w.org\/{rel}","templated":true}]}}