{"id":149928,"date":"2024-05-23T13:46:04","date_gmt":"2024-05-23T19:46:04","guid":{"rendered":"https:\/\/nvnoticias.mx\/?p=149928"},"modified":"2024-05-23T13:46:10","modified_gmt":"2024-05-23T19:46:10","slug":"insiste-amlo-que-hace-falta-una-reforma-al-poder-judicial","status":"publish","type":"post","link":"https:\/\/nvnoticias.mx\/index.php\/2024\/05\/23\/insiste-amlo-que-hace-falta-una-reforma-al-poder-judicial\/","title":{"rendered":"Insiste AMLO que hace falta una reforma al Poder Judicial"},"content":{"rendered":"\n<p>El\u00a0<strong>presidente Andr\u00e9s Manuel L\u00f3pez Obrador\u00a0<\/strong>insisti\u00f3 en que es necesaria una\u00a0<strong>reforma judicial<\/strong>\u00a0en M\u00e9xico, al afirmar que el <strong>Poder Judicial\u00a0<\/strong>fue tomado por una\u00a0<strong>minor\u00eda<\/strong>\u00a0para\u00a0<strong>controlar, subordinar y supeditar.<\/strong><\/p>\n\n\n\n<blockquote class=\"wp-block-quote is-layout-flow wp-block-quote-is-layout-flow\">\n<p>&#8220;Hace falta la reforma al Poder Judicial y hace falta continuar con el proceso de transformaci\u00f3n del pa\u00eds, es que est\u00e1bamos en franca decadencia, el gobierno estaba tomado por una minor\u00eda que eran los que mandaban en M\u00e9xico. Formalmente actuaba el Poder Judicial, el poder Ejecutivo, el INE, el Tribunal Electoral, pero era pura pantalla, los que mandaban eran los de la oligarqu\u00eda, los potentados&#8221;, declar\u00f3.<\/p>\n<\/blockquote>\n\n\n\n<p>En la conferencia ma\u00f1anera de este jueves, el primer mandatario asegur\u00f3 que el sector empresarial mandaba en la Secretar\u00eda del Trabajo, e incluso ten\u00edan poder dentro del poder Ejecutivo: &#8220;El caso de Zedillo, entregan los ferrocarriles, 150 a\u00f1os de historia, y termina su gobierno y se va a trabajar como asesor con la empresa que se benefici\u00f3 con la entrega de los ferrocarriles, una empresa extranjera&#8221;.<\/p>\n\n\n\n<p>Dijo que si eso ocurr\u00eda en las Secretar\u00edas de Estado y en la propia Presidencia de la Rep\u00fablica, &#8220;c\u00f3mo no iban a tomar el Poder Judicial&#8221;.<\/p>\n\n\n\n<blockquote class=\"wp-block-quote is-layout-flow wp-block-quote-is-layout-flow\">\n<p>&#8220;Claro que se metieron a controlar, a subordinar, a supeditar al poder judicial, y se olvidaron de sus funciones fundamentales, que el gobierno ten\u00eda que velar por el bien del pueblo. El poder judicial fue parte de una negociaci\u00f3n desde Salinas, les empezaron a dar a una organizaci\u00f3n pol\u00edtica conservadora todo el poder judicial, era una moneda de cambio de un acuerdo general como el llamado Pacto por M\u00e9xico, que fue Pacto contra M\u00e9xico. Tambi\u00e9n, no se puede generalizar, pero s\u00ed, tomaron todo, secuestraron las instituciones, las pusieron al servicio de intereses particulares y el pueblo exist\u00eda&#8221;, asever\u00f3.<\/p>\n<\/blockquote>\n\n\n\n<p>L\u00f3pez Obrador sostuvo que antes, al pueblo solo lo volteaban a ver cu\u00e1ndo hab\u00eda elecciones &#8220;para legitimar el r\u00e9gimen democr\u00e1tico y de corrupci\u00f3n&#8221;, por lo que Insisti\u00f3 en que, ahora, el pueblo es el que debe poner y quitar a los integrantes del Poder Judicial.<\/p>\n\n\n\n<p>Fuente: <a href=\"https:\/\/www.eluniversal.com.mx\/nacion\/amlo-insiste-que-hace-falta-una-reforma-al-poder-judicial-esta-tomado-por-una-minoria\/\" data-type=\"link\" data-id=\"https:\/\/www.eluniversal.com.mx\/nacion\/amlo-insiste-que-hace-falta-una-reforma-al-poder-judicial-esta-tomado-por-una-minoria\/\">El Universal<\/a><\/p>\n","protected":false},"excerpt":{"rendered":"<p>El\u00a0presidente Andr\u00e9s Manuel L\u00f3pez Obrador\u00a0insisti\u00f3 en que es necesaria una\u00a0reforma judicial\u00a0en M\u00e9xico, al afirmar que el Poder Judicial\u00a0fue tomado por una\u00a0minor\u00eda\u00a0para\u00a0controlar, subordinar y supeditar. &#8220;Hace falta la reforma al Poder Judicial y hace falta continuar con el proceso de transformaci\u00f3n del pa\u00eds, es que est\u00e1bamos en franca decadencia, el gobierno estaba tomado por una minor\u00eda [&hellip;]<\/p>\n","protected":false},"author":35,"featured_media":7988,"comment_status":"open","ping_status":"open","sticky":false,"template":"","format":"standard","meta":{"_monsterinsights_skip_tracking":false,"_monsterinsights_sitenote_active":false,"_monsterinsights_sitenote_note":"","_monsterinsights_sitenote_category":0,"footnotes":""},"categories":[158],"tags":[188,14624,2321],"class_list":["post-149928","post","type-post","status-publish","format-standard","has-post-thumbnail","hentry","category-politica","tag-amlo","tag-insiste","tag-poder-judicial","wp-image-borders"],"amp_enabled":true,"_links":{"self":[{"href":"https:\/\/nvnoticias.mx\/index.php\/wp-json\/wp\/v2\/posts\/149928","targetHints":{"allow":["GET"]}}],"collection":[{"href":"https:\/\/nvnoticias.mx\/index.php\/wp-json\/wp\/v2\/posts"}],"about":[{"href":"https:\/\/nvnoticias.mx\/index.php\/wp-json\/wp\/v2\/types\/post"}],"author":[{"embeddable":true,"href":"https:\/\/nvnoticias.mx\/index.php\/wp-json\/wp\/v2\/users\/35"}],"replies":[{"embeddable":true,"href":"https:\/\/nvnoticias.mx\/index.php\/wp-json\/wp\/v2\/comments?post=149928"}],"version-history":[{"count":2,"href":"https:\/\/nvnoticias.mx\/index.php\/wp-json\/wp\/v2\/posts\/149928\/revisions"}],"predecessor-version":[{"id":149932,"href":"https:\/\/nvnoticias.mx\/index.php\/wp-json\/wp\/v2\/posts\/149928\/revisions\/149932"}],"wp:featuredmedia":[{"embeddable":true,"href":"https:\/\/nvnoticias.mx\/index.php\/wp-json\/wp\/v2\/media\/7988"}],"wp:attachment":[{"href":"https:\/\/nvnoticias.mx\/index.php\/wp-json\/wp\/v2\/media?parent=149928"}],"wp:term":[{"taxonomy":"category","embeddable":true,"href":"https:\/\/nvnoticias.mx\/index.php\/wp-json\/wp\/v2\/categories?post=149928"},{"taxonomy":"post_tag","embeddable":true,"href":"https:\/\/nvnoticias.mx\/index.php\/wp-json\/wp\/v2\/tags?post=149928"}],"curies":[{"name":"wp","href":"https:\/\/api.w.org\/{rel}","templated":true}]}}