{"id":149909,"date":"2024-05-23T12:52:58","date_gmt":"2024-05-23T18:52:58","guid":{"rendered":"https:\/\/nvnoticias.mx\/?p=149909"},"modified":"2024-05-23T12:53:00","modified_gmt":"2024-05-23T18:53:00","slug":"acciones-que-se-llevan-a-cabo-contra-ola-de-calor-se-daran-a-conocer-pasando-elecciones-amlo","status":"publish","type":"post","link":"https:\/\/nvnoticias.mx\/index.php\/2024\/05\/23\/acciones-que-se-llevan-a-cabo-contra-ola-de-calor-se-daran-a-conocer-pasando-elecciones-amlo\/","title":{"rendered":"Acciones que se llevan a cabo contra ola de calor se dar\u00e1n a conocer pasando elecciones: AMLO"},"content":{"rendered":"\n<p>El\u00a0<strong>presidente Andr\u00e9s Manuel L\u00f3pez Obrador\u00a0<\/strong>asegur\u00f3 que su\u00a0<strong>gobierno<\/strong>\u00a0est\u00e1 atendiendo la<strong>\u00a0temporada de calor<\/strong>\u00a0en\u00a0<strong>M\u00e9xico,\u00a0<\/strong>pero sostuvo que las\u00a0<strong>acciones<\/strong>\u00a0que est\u00e1n llevando a cabo en la materia, las dar\u00e1 a conocer hasta<strong>\u00a0pasando las elecciones<\/strong>, pues asegur\u00f3 que en esta \u00e9poca &#8220;<strong>todo lo distorsionan<\/strong>&#8220;.<\/p>\n\n\n\n<p>En la conferencia matutina de este jueves, dijo que ejemplo de ello es el acuerdo con Belice para compartir energ\u00eda el\u00e9ctrica.<\/p>\n\n\n\n<blockquote class=\"wp-block-quote is-layout-flow wp-block-quote-is-layout-flow\">\n<p>&#8220;Pasando las elecciones vamos a hablar m\u00e1s de eso, porque ahora todo lo distorsionan, habl\u00e9 de que est\u00e1bamos cumpliendo con un acuerdo que ten\u00edamos con Belice e hicieron un esc\u00e1ndalo, un acuerdo para ayudarlos a que no les falte energ\u00eda el\u00e9ctrica, estamos hablando de un pueblo hermano, vecino, que lo necesita, y la cantidad que se tiene acordado entregarles es verdaderamente m\u00ednima&#8221;, acus\u00f3.<\/p>\n<\/blockquote>\n\n\n\n<p>El primer mandatario expuso que ya le adelantaron pron\u00f3sticos de que viene una temporada de intensas lluvias y huracanes.<\/p>\n\n\n\n<p>&#8220;Si estamos tomando en cuenta esta situaci\u00f3n de mucho calor, y los pron\u00f3sticos es de que van a presentarse muchas lluvias, huracanes, entonces s\u00ed estamos atendiendo esto&#8221;, declar\u00f3.<\/p>\n\n\n\n<p>Destac\u00f3 que lo mejor que se ha hecho en el gobierno que representa, es el programa de reforestaci\u00f3n Sembrando Vida.<\/p>\n\n\n\n<p>Fuente:<a href=\"https:\/\/www.eluniversal.com.mx\/nacion\/acciones-que-se-llevan-a-cabo-contra-ola-de-calor-se-daran-a-conocer-pasando-elecciones-amlo\/\" data-type=\"link\" data-id=\"https:\/\/www.eluniversal.com.mx\/nacion\/acciones-que-se-llevan-a-cabo-contra-ola-de-calor-se-daran-a-conocer-pasando-elecciones-amlo\/\"> El Universal<\/a><\/p>\n\n\n\n<p><\/p>\n","protected":false},"excerpt":{"rendered":"<p>El\u00a0presidente Andr\u00e9s Manuel L\u00f3pez Obrador\u00a0asegur\u00f3 que su\u00a0gobierno\u00a0est\u00e1 atendiendo la\u00a0temporada de calor\u00a0en\u00a0M\u00e9xico,\u00a0pero sostuvo que las\u00a0acciones\u00a0que est\u00e1n llevando a cabo en la materia, las dar\u00e1 a conocer hasta\u00a0pasando las elecciones, pues asegur\u00f3 que en esta \u00e9poca &#8220;todo lo distorsionan&#8220;. En la conferencia matutina de este jueves, dijo que ejemplo de ello es el acuerdo con Belice para [&hellip;]<\/p>\n","protected":false},"author":35,"featured_media":143734,"comment_status":"open","ping_status":"open","sticky":false,"template":"","format":"standard","meta":{"_monsterinsights_skip_tracking":false,"_monsterinsights_sitenote_active":false,"_monsterinsights_sitenote_note":"","_monsterinsights_sitenote_category":0,"footnotes":""},"categories":[157],"tags":[5482,188,209,4720],"class_list":["post-149909","post","type-post","status-publish","format-standard","has-post-thumbnail","hentry","category-nacional","tag-acciones","tag-amlo","tag-elecciones","tag-ola-de-calor","wp-image-borders"],"amp_enabled":true,"_links":{"self":[{"href":"https:\/\/nvnoticias.mx\/index.php\/wp-json\/wp\/v2\/posts\/149909","targetHints":{"allow":["GET"]}}],"collection":[{"href":"https:\/\/nvnoticias.mx\/index.php\/wp-json\/wp\/v2\/posts"}],"about":[{"href":"https:\/\/nvnoticias.mx\/index.php\/wp-json\/wp\/v2\/types\/post"}],"author":[{"embeddable":true,"href":"https:\/\/nvnoticias.mx\/index.php\/wp-json\/wp\/v2\/users\/35"}],"replies":[{"embeddable":true,"href":"https:\/\/nvnoticias.mx\/index.php\/wp-json\/wp\/v2\/comments?post=149909"}],"version-history":[{"count":2,"href":"https:\/\/nvnoticias.mx\/index.php\/wp-json\/wp\/v2\/posts\/149909\/revisions"}],"predecessor-version":[{"id":149911,"href":"https:\/\/nvnoticias.mx\/index.php\/wp-json\/wp\/v2\/posts\/149909\/revisions\/149911"}],"wp:featuredmedia":[{"embeddable":true,"href":"https:\/\/nvnoticias.mx\/index.php\/wp-json\/wp\/v2\/media\/143734"}],"wp:attachment":[{"href":"https:\/\/nvnoticias.mx\/index.php\/wp-json\/wp\/v2\/media?parent=149909"}],"wp:term":[{"taxonomy":"category","embeddable":true,"href":"https:\/\/nvnoticias.mx\/index.php\/wp-json\/wp\/v2\/categories?post=149909"},{"taxonomy":"post_tag","embeddable":true,"href":"https:\/\/nvnoticias.mx\/index.php\/wp-json\/wp\/v2\/tags?post=149909"}],"curies":[{"name":"wp","href":"https:\/\/api.w.org\/{rel}","templated":true}]}}