{"id":149892,"date":"2024-05-23T11:33:27","date_gmt":"2024-05-23T17:33:27","guid":{"rendered":"https:\/\/nvnoticias.mx\/?p=149892"},"modified":"2024-05-23T11:33:29","modified_gmt":"2024-05-23T17:33:29","slug":"taxistas-invitan-a-votar-y-piden-reforzamiento-de-la-seguridad","status":"publish","type":"post","link":"https:\/\/nvnoticias.mx\/index.php\/2024\/05\/23\/taxistas-invitan-a-votar-y-piden-reforzamiento-de-la-seguridad\/","title":{"rendered":"Taxistas invitan a votar y piden reforzamiento de la seguridad"},"content":{"rendered":"\n<p><\/p>\n\n\n\n<p><strong>Jes\u00fas Utrilla \/ NV Noticias<\/strong><\/p>\n\n\n\n<p>Taxistas de la ciudad de Veracruz marcharon por el centro para exhortar a la poblaci\u00f3n a acudir a las urnas el 2 de junio y votar por quien consideren la mejor opci\u00f3n. <\/p>\n\n\n\n<p>Ra\u00fal Mendoza Alducin, presidente de Sertacaver, dijo que en el caso de los trabajadores del volante piden a los candidatos la elaboraci\u00f3n de esquemas que permitan contener la inflaci\u00f3n ya que la gasolina y las refacciones est\u00e1n \u201cpor las nubes\u201d.<\/p>\n\n\n\n<p>Tambi\u00e9n que cuando haya un ganador los nuevos gobernantes se sienten con el sector a escuchar sus necesidades.<\/p>\n\n\n\n<p>Asever\u00f3 que los taxistas de Setacaver son plurales pero necesitan que se mejore la seguridad ya que contin\u00faan los robos de unidades.<\/p>\n\n\n\n<p>Explic\u00f3 que tan solo el lunes uno de los taxistas acudi\u00f3 al Instituto Mexicano del Seguro Social y le robaron el veh\u00edculo.<\/p>\n\n\n\n<p>Aclar\u00f3 que no ha habido robos con violencia sin embargo, se llevan las unidades para venderlas por partes. <\/p>\n\n\n\n<p>Estim\u00f3 que se roban entre 1 y 5 veh\u00edculos al mes en la ciudad de Veracruz.Insisti\u00f3 en que las agresiones no son recurrentes aunque podr\u00eda llegar a suscitarse una al mes.<\/p>\n\n\n\n<p>Ra\u00fal Mendoza Alducin concluy\u00f3 llamando a la ciudadan\u00eda a votar el 2 de junio por la opci\u00f3n que consideren mejor para componer las condiciones del estado y pa\u00eds.<\/p>\n\n\n\n<p><\/p>\n","protected":false},"excerpt":{"rendered":"<p>Jes\u00fas Utrilla \/ NV Noticias Taxistas de la ciudad de Veracruz marcharon por el centro para exhortar a la poblaci\u00f3n a acudir a las urnas el 2 de junio y votar por quien consideren la mejor opci\u00f3n. Ra\u00fal Mendoza Alducin, presidente de Sertacaver, dijo que en el caso de los trabajadores del volante piden a [&hellip;]<\/p>\n","protected":false},"author":8,"featured_media":149893,"comment_status":"open","ping_status":"open","sticky":false,"template":"","format":"standard","meta":{"_monsterinsights_skip_tracking":false,"_monsterinsights_sitenote_active":false,"_monsterinsights_sitenote_note":"","_monsterinsights_sitenote_category":0,"footnotes":""},"categories":[154],"tags":[805,422,884,180,2990],"class_list":["post-149892","post","type-post","status-publish","format-standard","has-post-thumbnail","hentry","category-veracruz","tag-seguridad","tag-taxis","tag-taxistas","tag-veracruz","tag-voto","wp-image-borders"],"amp_enabled":true,"_links":{"self":[{"href":"https:\/\/nvnoticias.mx\/index.php\/wp-json\/wp\/v2\/posts\/149892","targetHints":{"allow":["GET"]}}],"collection":[{"href":"https:\/\/nvnoticias.mx\/index.php\/wp-json\/wp\/v2\/posts"}],"about":[{"href":"https:\/\/nvnoticias.mx\/index.php\/wp-json\/wp\/v2\/types\/post"}],"author":[{"embeddable":true,"href":"https:\/\/nvnoticias.mx\/index.php\/wp-json\/wp\/v2\/users\/8"}],"replies":[{"embeddable":true,"href":"https:\/\/nvnoticias.mx\/index.php\/wp-json\/wp\/v2\/comments?post=149892"}],"version-history":[{"count":1,"href":"https:\/\/nvnoticias.mx\/index.php\/wp-json\/wp\/v2\/posts\/149892\/revisions"}],"predecessor-version":[{"id":149894,"href":"https:\/\/nvnoticias.mx\/index.php\/wp-json\/wp\/v2\/posts\/149892\/revisions\/149894"}],"wp:featuredmedia":[{"embeddable":true,"href":"https:\/\/nvnoticias.mx\/index.php\/wp-json\/wp\/v2\/media\/149893"}],"wp:attachment":[{"href":"https:\/\/nvnoticias.mx\/index.php\/wp-json\/wp\/v2\/media?parent=149892"}],"wp:term":[{"taxonomy":"category","embeddable":true,"href":"https:\/\/nvnoticias.mx\/index.php\/wp-json\/wp\/v2\/categories?post=149892"},{"taxonomy":"post_tag","embeddable":true,"href":"https:\/\/nvnoticias.mx\/index.php\/wp-json\/wp\/v2\/tags?post=149892"}],"curies":[{"name":"wp","href":"https:\/\/api.w.org\/{rel}","templated":true}]}}