{"id":149879,"date":"2024-05-23T10:05:52","date_gmt":"2024-05-23T16:05:52","guid":{"rendered":"https:\/\/nvnoticias.mx\/?p=149879"},"modified":"2024-05-23T10:05:54","modified_gmt":"2024-05-23T16:05:54","slug":"acelera-inflacion-en-mexico-y-llega-a-4-78-en-primera-quincena-de-mayo-inegi","status":"publish","type":"post","link":"https:\/\/nvnoticias.mx\/index.php\/2024\/05\/23\/acelera-inflacion-en-mexico-y-llega-a-4-78-en-primera-quincena-de-mayo-inegi\/","title":{"rendered":"&#8216;Acelera&#8217; inflaci\u00f3n en M\u00e9xico y llega a 4.78% en primera quincena de mayo: Inegi"},"content":{"rendered":"\n<p>La&nbsp;inflaci\u00f3n en M\u00e9xico&nbsp;en la primera quincena de abril de este a\u00f1o se ubic\u00f3 en 4.78 por ciento a tasa anual, luego de que el&nbsp;\u00cdndice Nacional de Precios al Consumidor (INPC)&nbsp;baj\u00f3 0.21 por ciento a tasa quincenal, inform\u00f3 el&nbsp;Instituto Nacional de Estad\u00edstica y Geograf\u00eda (Inegi).<\/p>\n\n\n\n<p>Respecto a la&nbsp;misma quincena de 2023, la inflaci\u00f3n quincenal baj\u00f3 0.32 por ciento y la anual se ubic\u00f3 en&nbsp;6 por ciento.<\/p>\n\n\n\n<p>\u200bEl&nbsp;\u00cdndice Nacional de Precios al Consumidor (INPC)&nbsp;tiene como objetivo medir la variaci\u00f3n de los precios de la canasta b\u00e1sica.<\/p>\n\n\n\n<p>As\u00ed, el&nbsp;\u00edndice de precios subyacente, considerado como la mejor opci\u00f3n para medir la trayectoria de los precios porque elimina productos de alta volatilidad,&nbsp;aument\u00f3 0.15 por ciento a tasa quincenal y 4.31 por ciento a tasa anual.&nbsp;<\/p>\n\n\n\n<p>Al interior del&nbsp;\u00edndice subyacente,&nbsp;a tasa quincenal, los precios de las mercanc\u00edas crecieron 0.11 por ciento y los de servicios, 0.20 por ciento.<\/p>\n\n\n\n<p>En tanto, el&nbsp;\u00edndice de precios no subyacente&nbsp;registr\u00f3 una ca\u00edda de 1.31 por ciento quincenal y un incremento de&nbsp;6.27 por ciento a tasa anual.<\/p>\n\n\n\n<p>Dentro del \u00edndice no subyacente, a tasa quincenal, los precios de los productos agropecuarios&nbsp;subieron 0.43 por ciento y los de energ\u00e9ticos y tarifas autorizadas por el gobierno bajaron 2.86 por ciento.&nbsp;<\/p>\n\n\n\n<p>Esto se debi\u00f3, principalmente, a los ajustes en las tarifas el\u00e9ctricas&nbsp;por temporada c\u00e1lida en 11 ciudades del pa\u00eds.<\/p>\n\n\n\n<p>Fuente: <a href=\"https:\/\/www.milenio.com\/negocios\/inflacion-en-mexico-en-primera-quincena-de-mayo-de-2024-inegi\" data-type=\"link\" data-id=\"https:\/\/www.milenio.com\/negocios\/inflacion-en-mexico-en-primera-quincena-de-mayo-de-2024-inegi\">Milenio<\/a><br><br><br><br><\/p>\n","protected":false},"excerpt":{"rendered":"<p>La&nbsp;inflaci\u00f3n en M\u00e9xico&nbsp;en la primera quincena de abril de este a\u00f1o se ubic\u00f3 en 4.78 por ciento a tasa anual, luego de que el&nbsp;\u00cdndice Nacional de Precios al Consumidor (INPC)&nbsp;baj\u00f3 0.21 por ciento a tasa quincenal, inform\u00f3 el&nbsp;Instituto Nacional de Estad\u00edstica y Geograf\u00eda (Inegi). Respecto a la&nbsp;misma quincena de 2023, la inflaci\u00f3n quincenal baj\u00f3 0.32 [&hellip;]<\/p>\n","protected":false},"author":35,"featured_media":93910,"comment_status":"open","ping_status":"open","sticky":false,"template":"","format":"standard","meta":{"_monsterinsights_skip_tracking":false,"_monsterinsights_sitenote_active":false,"_monsterinsights_sitenote_note":"","_monsterinsights_sitenote_category":0,"footnotes":""},"categories":[157],"tags":[981,2978,162],"class_list":["post-149879","post","type-post","status-publish","format-standard","has-post-thumbnail","hentry","category-nacional","tag-inegi","tag-inflacion","tag-portada","wp-image-borders"],"amp_enabled":true,"_links":{"self":[{"href":"https:\/\/nvnoticias.mx\/index.php\/wp-json\/wp\/v2\/posts\/149879","targetHints":{"allow":["GET"]}}],"collection":[{"href":"https:\/\/nvnoticias.mx\/index.php\/wp-json\/wp\/v2\/posts"}],"about":[{"href":"https:\/\/nvnoticias.mx\/index.php\/wp-json\/wp\/v2\/types\/post"}],"author":[{"embeddable":true,"href":"https:\/\/nvnoticias.mx\/index.php\/wp-json\/wp\/v2\/users\/35"}],"replies":[{"embeddable":true,"href":"https:\/\/nvnoticias.mx\/index.php\/wp-json\/wp\/v2\/comments?post=149879"}],"version-history":[{"count":1,"href":"https:\/\/nvnoticias.mx\/index.php\/wp-json\/wp\/v2\/posts\/149879\/revisions"}],"predecessor-version":[{"id":149880,"href":"https:\/\/nvnoticias.mx\/index.php\/wp-json\/wp\/v2\/posts\/149879\/revisions\/149880"}],"wp:featuredmedia":[{"embeddable":true,"href":"https:\/\/nvnoticias.mx\/index.php\/wp-json\/wp\/v2\/media\/93910"}],"wp:attachment":[{"href":"https:\/\/nvnoticias.mx\/index.php\/wp-json\/wp\/v2\/media?parent=149879"}],"wp:term":[{"taxonomy":"category","embeddable":true,"href":"https:\/\/nvnoticias.mx\/index.php\/wp-json\/wp\/v2\/categories?post=149879"},{"taxonomy":"post_tag","embeddable":true,"href":"https:\/\/nvnoticias.mx\/index.php\/wp-json\/wp\/v2\/tags?post=149879"}],"curies":[{"name":"wp","href":"https:\/\/api.w.org\/{rel}","templated":true}]}}