{"id":149762,"date":"2024-05-22T09:34:47","date_gmt":"2024-05-22T15:34:47","guid":{"rendered":"https:\/\/nvnoticias.mx\/?p=149762"},"modified":"2024-05-22T09:34:48","modified_gmt":"2024-05-22T15:34:48","slug":"realizan-paro-laboral-en-la-jurisdiccion-sanitaria-numero-8","status":"publish","type":"post","link":"https:\/\/nvnoticias.mx\/index.php\/2024\/05\/22\/realizan-paro-laboral-en-la-jurisdiccion-sanitaria-numero-8\/","title":{"rendered":"Realizan paro laboral en la Jurisdicci\u00f3n Sanitaria n\u00famero 8"},"content":{"rendered":"\n<p><\/p>\n\n\n\n<p><strong>Jes\u00fas Utrilla \/ NV Noticias<\/strong><\/p>\n\n\n\n<p>Trabajadores sindicalizados de la Secci\u00f3n 70 del sector salud llevan a cabo un paro de labores en las instalaciones de la Jurisdicci\u00f3n Sanitaria n\u00famero 8 en Veracruz.<\/p>\n\n\n\n<p>Con la manifestaci\u00f3n solicitan varias acciones ya que s\u00f3lo les resolvieron la protecci\u00f3n ante altas temperaturas; al personal de vectores; asignaci\u00f3n de cuota sindical; fondo de mutualidad en los CFDI de sus agremiados y descuento del fondo de mutualidad. <\/p>\n\n\n\n<p>Teodora Castro Zamora, delegada de la Secci\u00f3n 70 del sector salud dijo que el plant\u00f3n es por falta de atenci\u00f3n al pliego petitorio, adem\u00e1s que  hubo desinter\u00e9s por dialogar de la Secretaria de Salud y directora de SESVER Guadalupe D\u00edaz Del Castillo.<\/p>\n\n\n\n<p>Por su parte, el secretario general de la Secci\u00f3n 70 del SNTSA, Jes\u00fas Galicia Reyes inform\u00f3 que desde hace varios a\u00f1os han solicitado que se les garantice las condiciones laborales, sin embargo, solo les han recibido los oficios, quedando sus demandas sin resolverse.<\/p>\n\n\n\n<p>Desde muy temprano, los trabajadores se dieron cita en las oficinas de la calle Alacio P\u00e9rez, atr\u00e1s del Hospital de Alta Especialidad de Veracruz para realizar el paro de brazos ca\u00eddos, colocando la bandera roja con negro.<\/p>\n\n\n\n<p>Cabe mencionar que hay paro de labores en las diferentes  Jurisdicciones Sanitarias  del estado de Veracruz.<\/p>\n\n\n\n<p><\/p>\n","protected":false},"excerpt":{"rendered":"<p>Jes\u00fas Utrilla \/ NV Noticias Trabajadores sindicalizados de la Secci\u00f3n 70 del sector salud llevan a cabo un paro de labores en las instalaciones de la Jurisdicci\u00f3n Sanitaria n\u00famero 8 en Veracruz. Con la manifestaci\u00f3n solicitan varias acciones ya que s\u00f3lo les resolvieron la protecci\u00f3n ante altas temperaturas; al personal de vectores; asignaci\u00f3n de cuota [&hellip;]<\/p>\n","protected":false},"author":8,"featured_media":149763,"comment_status":"open","ping_status":"open","sticky":false,"template":"","format":"standard","meta":{"_monsterinsights_skip_tracking":false,"_monsterinsights_sitenote_active":false,"_monsterinsights_sitenote_note":"","_monsterinsights_sitenote_category":0,"footnotes":""},"categories":[154],"tags":[30087,6530,162],"class_list":["post-149762","post","type-post","status-publish","format-standard","has-post-thumbnail","hentry","category-veracruz","tag-jurisdiccion-sanitaria-8","tag-paro-de-labores","tag-portada","wp-image-borders"],"amp_enabled":true,"_links":{"self":[{"href":"https:\/\/nvnoticias.mx\/index.php\/wp-json\/wp\/v2\/posts\/149762","targetHints":{"allow":["GET"]}}],"collection":[{"href":"https:\/\/nvnoticias.mx\/index.php\/wp-json\/wp\/v2\/posts"}],"about":[{"href":"https:\/\/nvnoticias.mx\/index.php\/wp-json\/wp\/v2\/types\/post"}],"author":[{"embeddable":true,"href":"https:\/\/nvnoticias.mx\/index.php\/wp-json\/wp\/v2\/users\/8"}],"replies":[{"embeddable":true,"href":"https:\/\/nvnoticias.mx\/index.php\/wp-json\/wp\/v2\/comments?post=149762"}],"version-history":[{"count":1,"href":"https:\/\/nvnoticias.mx\/index.php\/wp-json\/wp\/v2\/posts\/149762\/revisions"}],"predecessor-version":[{"id":149764,"href":"https:\/\/nvnoticias.mx\/index.php\/wp-json\/wp\/v2\/posts\/149762\/revisions\/149764"}],"wp:featuredmedia":[{"embeddable":true,"href":"https:\/\/nvnoticias.mx\/index.php\/wp-json\/wp\/v2\/media\/149763"}],"wp:attachment":[{"href":"https:\/\/nvnoticias.mx\/index.php\/wp-json\/wp\/v2\/media?parent=149762"}],"wp:term":[{"taxonomy":"category","embeddable":true,"href":"https:\/\/nvnoticias.mx\/index.php\/wp-json\/wp\/v2\/categories?post=149762"},{"taxonomy":"post_tag","embeddable":true,"href":"https:\/\/nvnoticias.mx\/index.php\/wp-json\/wp\/v2\/tags?post=149762"}],"curies":[{"name":"wp","href":"https:\/\/api.w.org\/{rel}","templated":true}]}}