{"id":149726,"date":"2024-05-21T14:28:44","date_gmt":"2024-05-21T20:28:44","guid":{"rendered":"https:\/\/nvnoticias.mx\/?p=149726"},"modified":"2024-05-21T14:28:46","modified_gmt":"2024-05-21T20:28:46","slug":"revoca-israel-decision-de-cortar-la-senal-en-directo-sobre-gaza-de-la-agencia-ap","status":"publish","type":"post","link":"https:\/\/nvnoticias.mx\/index.php\/2024\/05\/21\/revoca-israel-decision-de-cortar-la-senal-en-directo-sobre-gaza-de-la-agencia-ap\/","title":{"rendered":"Revoca Israel decisi\u00f3n de cortar la se\u00f1al en directo sobre Gaza de la agencia AP"},"content":{"rendered":"\n<p>Israel anunci\u00f3 la revocaci\u00f3n de su decisi\u00f3n de cortar la se\u00f1al en directo sobre Gaza de la agencia de noticias estadounidense The Associated Press (AP), despu\u00e9s de que la Casa Blanca le pidiera restablecerla.<\/p>\n\n\n\n<p>El ministro israel\u00ed de Comunicaciones, Shlomo Karhi, explic\u00f3 que se llevaron el equipo porque AP hab\u00eda hecho caso omiso de las advertencias de que dejara de suministrar la se\u00f1al a la cadena prohibida Al Jazeera. M\u00e1s tarde, el Ministerio declar\u00f3 que las im\u00e1genes del norte de Gaza mostraban movimientos de tropas.<\/p>\n\n\n\n<blockquote class=\"wp-block-quote is-layout-flow wp-block-quote-is-layout-flow\">\n<p>&#8220;El Ministerio de Comunicaciones ha actuado hoy para confiscar el equipo que, a pesar de las repetidas advertencias, transmit\u00eda a Al Jazeera informaci\u00f3n sobre las posiciones de nuestras fuerzas en el norte de la Franja de Gaza, poni\u00e9ndolas en peligro, de acuerdo con los dict\u00e1menes de seguridad y la decisi\u00f3n del gobierno&#8221;, se\u00f1al\u00f3 Karhi en un comunicado emitido a \u00faltima hora de la noche.<\/p>\n<\/blockquote>\n\n\n\n<p>Sin embargo, tras la petici\u00f3n estadounidense, Karhi dijo que &#8220;orden\u00e9 ahora anular la decisi\u00f3n y devolver el equipo a la agencia AP&#8221;. A\u00f1adi\u00f3 que el ministerio de Defensa &#8220;desea examinar el asunto de la retransmisi\u00f3n (\u2026) en relaci\u00f3n con el riesgo&#8221; para las tropas israel\u00edes que operan en el territorio palestino en la guerra contra Hamas.<\/p>\n\n\n\n<p>Fuente: <a href=\"https:\/\/www.eluniversal.com.mx\/mundo\/israel-revoca-decision-de-cortar-la-senal-en-directo-sobre-gaza-de-la-agencia-ap\/\" data-type=\"link\" data-id=\"https:\/\/www.eluniversal.com.mx\/mundo\/israel-revoca-decision-de-cortar-la-senal-en-directo-sobre-gaza-de-la-agencia-ap\/\">El Universal<\/a><br><\/p>\n","protected":false},"excerpt":{"rendered":"<p>Israel anunci\u00f3 la revocaci\u00f3n de su decisi\u00f3n de cortar la se\u00f1al en directo sobre Gaza de la agencia de noticias estadounidense The Associated Press (AP), despu\u00e9s de que la Casa Blanca le pidiera restablecerla. El ministro israel\u00ed de Comunicaciones, Shlomo Karhi, explic\u00f3 que se llevaron el equipo porque AP hab\u00eda hecho caso omiso de las [&hellip;]<\/p>\n","protected":false},"author":35,"featured_media":13458,"comment_status":"open","ping_status":"open","sticky":false,"template":"","format":"standard","meta":{"_monsterinsights_skip_tracking":false,"_monsterinsights_sitenote_active":false,"_monsterinsights_sitenote_note":"","_monsterinsights_sitenote_category":0,"footnotes":""},"categories":[181],"tags":[3572,3337],"class_list":["post-149726","post","type-post","status-publish","format-standard","has-post-thumbnail","hentry","category-internacional","tag-franja-de-gaza","tag-israel","wp-image-borders"],"amp_enabled":true,"_links":{"self":[{"href":"https:\/\/nvnoticias.mx\/index.php\/wp-json\/wp\/v2\/posts\/149726","targetHints":{"allow":["GET"]}}],"collection":[{"href":"https:\/\/nvnoticias.mx\/index.php\/wp-json\/wp\/v2\/posts"}],"about":[{"href":"https:\/\/nvnoticias.mx\/index.php\/wp-json\/wp\/v2\/types\/post"}],"author":[{"embeddable":true,"href":"https:\/\/nvnoticias.mx\/index.php\/wp-json\/wp\/v2\/users\/35"}],"replies":[{"embeddable":true,"href":"https:\/\/nvnoticias.mx\/index.php\/wp-json\/wp\/v2\/comments?post=149726"}],"version-history":[{"count":1,"href":"https:\/\/nvnoticias.mx\/index.php\/wp-json\/wp\/v2\/posts\/149726\/revisions"}],"predecessor-version":[{"id":149727,"href":"https:\/\/nvnoticias.mx\/index.php\/wp-json\/wp\/v2\/posts\/149726\/revisions\/149727"}],"wp:featuredmedia":[{"embeddable":true,"href":"https:\/\/nvnoticias.mx\/index.php\/wp-json\/wp\/v2\/media\/13458"}],"wp:attachment":[{"href":"https:\/\/nvnoticias.mx\/index.php\/wp-json\/wp\/v2\/media?parent=149726"}],"wp:term":[{"taxonomy":"category","embeddable":true,"href":"https:\/\/nvnoticias.mx\/index.php\/wp-json\/wp\/v2\/categories?post=149726"},{"taxonomy":"post_tag","embeddable":true,"href":"https:\/\/nvnoticias.mx\/index.php\/wp-json\/wp\/v2\/tags?post=149726"}],"curies":[{"name":"wp","href":"https:\/\/api.w.org\/{rel}","templated":true}]}}